{"id":12963,"date":"2025-02-24T18:08:21","date_gmt":"2025-02-24T17:08:21","guid":{"rendered":"https:\/\/wgphoto.pl\/t\/?p=12963"},"modified":"2025-02-24T18:08:21","modified_gmt":"2025-02-24T17:08:21","slug":"przechylka","status":"publish","type":"post","link":"http:\/\/wgphoto.pl\/t\/?p=12963","title":{"rendered":"Przechy\u0142ka"},"content":{"rendered":"\n<figure class=\"wp-block-image aligncenter size-full\"><img loading=\"lazy\" decoding=\"async\" width=\"1300\" height=\"870\" src=\"https:\/\/wgphoto.pl\/t\/wp-content\/uploads\/2025\/02\/imgp7524.jpg\" alt=\"\" class=\"wp-image-12964\" srcset=\"http:\/\/wgphoto.pl\/t\/wp-content\/uploads\/2025\/02\/imgp7524.jpg 1300w, http:\/\/wgphoto.pl\/t\/wp-content\/uploads\/2025\/02\/imgp7524-300x201.jpg 300w, http:\/\/wgphoto.pl\/t\/wp-content\/uploads\/2025\/02\/imgp7524-768x514.jpg 768w\" sizes=\"auto, (max-width: 1300px) 100vw, 1300px\" \/><\/figure>\n\n\n\n<div class=\"wp-block-group has-global-padding is-layout-constrained wp-block-group-is-layout-constrained\">\n<p>Brno, t\u0159\u00edda Gener\u00e1la P\u00edky. K2 po liftingu pomyka w kierunku centrum miasta, zostawiaj\u0105c za sob\u0105 blokowisko Lesn\u00e1. 2009-07-21<\/p>\n<\/div>\n","protected":false},"excerpt":{"rendered":"<p>Brno, t\u0159\u00edda Gener\u00e1la P\u00edky. K2 po liftingu pomyka w kierunku centrum miasta, zostawiaj\u0105c za sob\u0105 blokowisko Lesn\u00e1. 2009-07-21<\/p>\n","protected":false},"author":1,"featured_media":12964,"comment_status":"open","ping_status":"","sticky":false,"template":"","format":"standard","meta":{"footnotes":""},"categories":[169,3],"tags":[1244,328,49,330,230,994],"class_list":["post-12963","post","type-post","status-publish","format-standard","has-post-thumbnail","hentry","category-rok-2009","category-tramwaj","tag-2009-07-21","tag-brno","tag-czechy","tag-dpmb-brno","tag-infrastruktura","tag-tatra-k2"],"_links":{"self":[{"href":"http:\/\/wgphoto.pl\/t\/index.php?rest_route=\/wp\/v2\/posts\/12963","targetHints":{"allow":["GET"]}}],"collection":[{"href":"http:\/\/wgphoto.pl\/t\/index.php?rest_route=\/wp\/v2\/posts"}],"about":[{"href":"http:\/\/wgphoto.pl\/t\/index.php?rest_route=\/wp\/v2\/types\/post"}],"author":[{"embeddable":true,"href":"http:\/\/wgphoto.pl\/t\/index.php?rest_route=\/wp\/v2\/users\/1"}],"replies":[{"embeddable":true,"href":"http:\/\/wgphoto.pl\/t\/index.php?rest_route=%2Fwp%2Fv2%2Fcomments&post=12963"}],"version-history":[{"count":1,"href":"http:\/\/wgphoto.pl\/t\/index.php?rest_route=\/wp\/v2\/posts\/12963\/revisions"}],"predecessor-version":[{"id":12965,"href":"http:\/\/wgphoto.pl\/t\/index.php?rest_route=\/wp\/v2\/posts\/12963\/revisions\/12965"}],"wp:featuredmedia":[{"embeddable":true,"href":"http:\/\/wgphoto.pl\/t\/index.php?rest_route=\/wp\/v2\/media\/12964"}],"wp:attachment":[{"href":"http:\/\/wgphoto.pl\/t\/index.php?rest_route=%2Fwp%2Fv2%2Fmedia&parent=12963"}],"wp:term":[{"taxonomy":"category","embeddable":true,"href":"http:\/\/wgphoto.pl\/t\/index.php?rest_route=%2Fwp%2Fv2%2Fcategories&post=12963"},{"taxonomy":"post_tag","embeddable":true,"href":"http:\/\/wgphoto.pl\/t\/index.php?rest_route=%2Fwp%2Fv2%2Ftags&post=12963"}],"curies":[{"name":"wp","href":"https:\/\/api.w.org\/{rel}","templated":true}]}}