{"id":12966,"date":"2025-02-24T18:09:30","date_gmt":"2025-02-24T17:09:30","guid":{"rendered":"https:\/\/wgphoto.pl\/t\/?p=12966"},"modified":"2025-02-24T18:09:30","modified_gmt":"2025-02-24T17:09:30","slug":"petla-w-polu-kukurydzy","status":"publish","type":"post","link":"http:\/\/wgphoto.pl\/t\/?p=12966","title":{"rendered":"P\u0119tla w polu kukurydzy"},"content":{"rendered":"\n<figure class=\"wp-block-image aligncenter size-full\"><img loading=\"lazy\" decoding=\"async\" width=\"1300\" height=\"867\" src=\"https:\/\/wgphoto.pl\/t\/wp-content\/uploads\/2025\/02\/dscf7532.jpg\" alt=\"\" class=\"wp-image-12967\" srcset=\"http:\/\/wgphoto.pl\/t\/wp-content\/uploads\/2025\/02\/dscf7532.jpg 1300w, http:\/\/wgphoto.pl\/t\/wp-content\/uploads\/2025\/02\/dscf7532-300x200.jpg 300w, http:\/\/wgphoto.pl\/t\/wp-content\/uploads\/2025\/02\/dscf7532-768x512.jpg 768w\" sizes=\"auto, (max-width: 1300px) 100vw, 1300px\" \/><\/figure>\n\n\n\n<div class=\"wp-block-group has-global-padding is-layout-constrained wp-block-group-is-layout-constrained\">\n<p>Brno, Technologick\u00fd Park. P\u0119tl\u0119 t\u0119 uruchomiono 4 miesi\u0105ce przed wykonaniem zdj\u0119cia, po przed\u0142u\u017ceniu dotychczasowej trasy o jeden przystanek. Obecnie dociera tu tylko dwunastka, kt\u00f3ra wch\u0142on\u0119\u0142a trzynastk\u0119, staj\u0105c si\u0119 lini\u0105 o wysokiej cz\u0119stotliwo\u015bci (3-5 minut w szczycie); w zamian na Julianov pojecha\u0142a '9&#8242;. W kwestii taborowej doda\u0107 za\u015b wypada, \u017ce brne\u0144skie tatry T6A5 pojawia\u0142y si\u0119 w\u00f3wczas wy\u0142\u0105cznie na widocznych liniach &#8217;12&#8217; i &#8217;13&#8217;. Lepiej do tej uwagi pasowa\u0142oby foto z dwoma sk\u0142adami kanciastych wagon\u00f3w, jakie pope\u0142ni\u0142em po odje\u017adzie zestawu prowadzonego wozem 1583, ale nie mog\u0142em sobie odm\u00f3wi\u0107 pokazania tego rodzynka w dawnym, kremowo &#8211; czerwonym, znikaj\u0105cym ju\u017c w\u00f3wczas malowaniu. 2008-09-12<\/p>\n<\/div>\n","protected":false},"excerpt":{"rendered":"<p>Brno, Technologick\u00fd Park. P\u0119tl\u0119 t\u0119 uruchomiono 4 miesi\u0105ce przed wykonaniem zdj\u0119cia, po przed\u0142u\u017ceniu dotychczasowej trasy o jeden przystanek. Obecnie dociera tu tylko dwunastka, kt\u00f3ra wch\u0142on\u0119\u0142a trzynastk\u0119, staj\u0105c si\u0119 lini\u0105 o wysokiej cz\u0119stotliwo\u015bci (3-5 minut w szczycie); w zamian na Julianov pojecha\u0142a '9&#8242;. W kwestii taborowej doda\u0107 za\u015b wypada, \u017ce brne\u0144skie tatry T6A5 pojawia\u0142y si\u0119 w\u00f3wczas [&hellip;]<\/p>\n","protected":false},"author":1,"featured_media":12967,"comment_status":"open","ping_status":"","sticky":false,"template":"","format":"standard","meta":{"footnotes":""},"categories":[120,3],"tags":[329,328,49,330,1011,841],"class_list":["post-12966","post","type-post","status-publish","format-standard","has-post-thumbnail","hentry","category-rok-2008","category-tramwaj","tag-2008-09-12","tag-brno","tag-czechy","tag-dpmb-brno","tag-tatra-t3","tag-tatra-t6"],"_links":{"self":[{"href":"http:\/\/wgphoto.pl\/t\/index.php?rest_route=\/wp\/v2\/posts\/12966","targetHints":{"allow":["GET"]}}],"collection":[{"href":"http:\/\/wgphoto.pl\/t\/index.php?rest_route=\/wp\/v2\/posts"}],"about":[{"href":"http:\/\/wgphoto.pl\/t\/index.php?rest_route=\/wp\/v2\/types\/post"}],"author":[{"embeddable":true,"href":"http:\/\/wgphoto.pl\/t\/index.php?rest_route=\/wp\/v2\/users\/1"}],"replies":[{"embeddable":true,"href":"http:\/\/wgphoto.pl\/t\/index.php?rest_route=%2Fwp%2Fv2%2Fcomments&post=12966"}],"version-history":[{"count":1,"href":"http:\/\/wgphoto.pl\/t\/index.php?rest_route=\/wp\/v2\/posts\/12966\/revisions"}],"predecessor-version":[{"id":12968,"href":"http:\/\/wgphoto.pl\/t\/index.php?rest_route=\/wp\/v2\/posts\/12966\/revisions\/12968"}],"wp:featuredmedia":[{"embeddable":true,"href":"http:\/\/wgphoto.pl\/t\/index.php?rest_route=\/wp\/v2\/media\/12967"}],"wp:attachment":[{"href":"http:\/\/wgphoto.pl\/t\/index.php?rest_route=%2Fwp%2Fv2%2Fmedia&parent=12966"}],"wp:term":[{"taxonomy":"category","embeddable":true,"href":"http:\/\/wgphoto.pl\/t\/index.php?rest_route=%2Fwp%2Fv2%2Fcategories&post=12966"},{"taxonomy":"post_tag","embeddable":true,"href":"http:\/\/wgphoto.pl\/t\/index.php?rest_route=%2Fwp%2Fv2%2Ftags&post=12966"}],"curies":[{"name":"wp","href":"https:\/\/api.w.org\/{rel}","templated":true}]}}