{"id":12969,"date":"2025-02-24T18:10:36","date_gmt":"2025-02-24T17:10:36","guid":{"rendered":"https:\/\/wgphoto.pl\/t\/?p=12969"},"modified":"2025-02-24T18:10:36","modified_gmt":"2025-02-24T17:10:36","slug":"pieszy-vs-tramwaj","status":"publish","type":"post","link":"http:\/\/wgphoto.pl\/t\/?p=12969","title":{"rendered":"Pieszy vs. tramwaj"},"content":{"rendered":"\n<figure class=\"wp-block-image aligncenter size-full\"><img loading=\"lazy\" decoding=\"async\" width=\"990\" height=\"700\" src=\"https:\/\/wgphoto.pl\/t\/wp-content\/uploads\/2025\/02\/dscf7548.jpg\" alt=\"\" class=\"wp-image-12970\" srcset=\"http:\/\/wgphoto.pl\/t\/wp-content\/uploads\/2025\/02\/dscf7548.jpg 990w, http:\/\/wgphoto.pl\/t\/wp-content\/uploads\/2025\/02\/dscf7548-300x212.jpg 300w, http:\/\/wgphoto.pl\/t\/wp-content\/uploads\/2025\/02\/dscf7548-768x543.jpg 768w\" sizes=\"auto, (max-width: 990px) 100vw, 990px\" \/><\/figure>\n\n\n\n<div class=\"wp-block-group has-global-padding is-layout-constrained wp-block-group-is-layout-constrained\">\n<p>Brno, ul. N\u00e1dra\u017en\u00ed. Zdj\u0119cie przedstawia przystanki tramwajowe pod dworcem g\u0142\u00f3wnym. Z powodu du\u017cego nat\u0119\u017cenia ruchu tramwaj\u00f3w ka\u017cdy kierunek ma do dyspozycji dwa tory na odcinku a\u017c do s\u0105siedniego przystanku Nov\u00e9 Sady. Ju\u017c sam czterotor jest godzien odnotowania, ale mnie bardziej zaciekawi\u0142a organizacja ruchu przy wej\u015bciu na dworzec. Tymi tysi\u0105cami pasa\u017cer\u00f3w oraz podje\u017cd\u017caj\u0105cymi co chwila tramwajami (w szczycie &#8211; lekko licz\u0105c co minut\u0119 w ka\u017cdym kierunku) steruje tylko zdrowy rozs\u0105dek. Nie ma tutaj sygnalizacji \u015bwietlnej i pomimo tego nie ma tak\u017ce trup\u00f3w. O ile p\u0142ynniej odbywa si\u0119 dzi\u0119ki temu ruch wiedz\u0105 tylko jego uczestnicy, lecz o ile na pieszym nie zrobi wi\u0119kszego wra\u017cenia mo\u017cliwo\u015b\u0107 przej\u015bcia bez oczekiwania na &#8222;zielone&#8221;, o tyle motorniczy z pewno\u015bci\u0105 to doceni. 12.09.2008<\/p>\n<\/div>\n","protected":false},"excerpt":{"rendered":"<p>Brno, ul. N\u00e1dra\u017en\u00ed. Zdj\u0119cie przedstawia przystanki tramwajowe pod dworcem g\u0142\u00f3wnym. Z powodu du\u017cego nat\u0119\u017cenia ruchu tramwaj\u00f3w ka\u017cdy kierunek ma do dyspozycji dwa tory na odcinku a\u017c do s\u0105siedniego przystanku Nov\u00e9 Sady. Ju\u017c sam czterotor jest godzien odnotowania, ale mnie bardziej zaciekawi\u0142a organizacja ruchu przy wej\u015bciu na dworzec. Tymi tysi\u0105cami pasa\u017cer\u00f3w oraz podje\u017cd\u017caj\u0105cymi co chwila tramwajami [&hellip;]<\/p>\n","protected":false},"author":1,"featured_media":12970,"comment_status":"open","ping_status":"","sticky":false,"template":"","format":"standard","meta":{"footnotes":""},"categories":[120,3],"tags":[329,328,49,330,151,380,994],"class_list":["post-12969","post","type-post","status-publish","format-standard","has-post-thumbnail","hentry","category-rok-2008","category-tramwaj","tag-2008-09-12","tag-brno","tag-czechy","tag-dpmb-brno","tag-ludzie","tag-spod-dworca","tag-tatra-k2"],"_links":{"self":[{"href":"http:\/\/wgphoto.pl\/t\/index.php?rest_route=\/wp\/v2\/posts\/12969","targetHints":{"allow":["GET"]}}],"collection":[{"href":"http:\/\/wgphoto.pl\/t\/index.php?rest_route=\/wp\/v2\/posts"}],"about":[{"href":"http:\/\/wgphoto.pl\/t\/index.php?rest_route=\/wp\/v2\/types\/post"}],"author":[{"embeddable":true,"href":"http:\/\/wgphoto.pl\/t\/index.php?rest_route=\/wp\/v2\/users\/1"}],"replies":[{"embeddable":true,"href":"http:\/\/wgphoto.pl\/t\/index.php?rest_route=%2Fwp%2Fv2%2Fcomments&post=12969"}],"version-history":[{"count":1,"href":"http:\/\/wgphoto.pl\/t\/index.php?rest_route=\/wp\/v2\/posts\/12969\/revisions"}],"predecessor-version":[{"id":12971,"href":"http:\/\/wgphoto.pl\/t\/index.php?rest_route=\/wp\/v2\/posts\/12969\/revisions\/12971"}],"wp:featuredmedia":[{"embeddable":true,"href":"http:\/\/wgphoto.pl\/t\/index.php?rest_route=\/wp\/v2\/media\/12970"}],"wp:attachment":[{"href":"http:\/\/wgphoto.pl\/t\/index.php?rest_route=%2Fwp%2Fv2%2Fmedia&parent=12969"}],"wp:term":[{"taxonomy":"category","embeddable":true,"href":"http:\/\/wgphoto.pl\/t\/index.php?rest_route=%2Fwp%2Fv2%2Fcategories&post=12969"},{"taxonomy":"post_tag","embeddable":true,"href":"http:\/\/wgphoto.pl\/t\/index.php?rest_route=%2Fwp%2Fv2%2Ftags&post=12969"}],"curies":[{"name":"wp","href":"https:\/\/api.w.org\/{rel}","templated":true}]}}