{"id":12972,"date":"2025-02-24T18:11:28","date_gmt":"2025-02-24T17:11:28","guid":{"rendered":"https:\/\/wgphoto.pl\/t\/?p=12972"},"modified":"2025-02-24T18:11:28","modified_gmt":"2025-02-24T17:11:28","slug":"bezpieczenstwo-pieszych","status":"publish","type":"post","link":"http:\/\/wgphoto.pl\/t\/?p=12972","title":{"rendered":"Bezpiecze\u0144stwo pieszych"},"content":{"rendered":"\n<figure class=\"wp-block-image aligncenter size-full\"><img loading=\"lazy\" decoding=\"async\" width=\"990\" height=\"660\" src=\"https:\/\/wgphoto.pl\/t\/wp-content\/uploads\/2025\/02\/dscf7555.jpg\" alt=\"\" class=\"wp-image-12973\" srcset=\"http:\/\/wgphoto.pl\/t\/wp-content\/uploads\/2025\/02\/dscf7555.jpg 990w, http:\/\/wgphoto.pl\/t\/wp-content\/uploads\/2025\/02\/dscf7555-300x200.jpg 300w, http:\/\/wgphoto.pl\/t\/wp-content\/uploads\/2025\/02\/dscf7555-768x512.jpg 768w\" sizes=\"auto, (max-width: 990px) 100vw, 990px\" \/><\/figure>\n\n\n\n<div class=\"wp-block-group has-global-padding is-layout-constrained wp-block-group-is-layout-constrained\">\n<p>Brno, ul. T\u00e1borsk\u00e1. K2R 1030 obs\u0142uguje przystanek Buzkova (cho\u0107 nazwa zgadza\u0142aby si\u0119, nie chodzi najpewniej o pana Jerzego). Przysuni\u0119cie tor\u00f3w ku kraw\u0119\u017cnikom wraz z budow\u0105 wyspy w osi jezdni kosztem zw\u0119\u017cenia pas\u00f3w ruchu na d\u0142ugo\u015bci przystanku z pewno\u015bci\u0105 przyczyni\u0142y si\u0119 do zwi\u0119kszenia bezpiecze\u0144stwa pieszych. Rozwi\u0105zanie takie zastosowano na trzech kolejnych przystankach trasy na Julianov. 12.09.2008<\/p>\n<\/div>\n","protected":false},"excerpt":{"rendered":"<p>Brno, ul. T\u00e1borsk\u00e1. K2R 1030 obs\u0142uguje przystanek Buzkova (cho\u0107 nazwa zgadza\u0142aby si\u0119, nie chodzi najpewniej o pana Jerzego). Przysuni\u0119cie tor\u00f3w ku kraw\u0119\u017cnikom wraz z budow\u0105 wyspy w osi jezdni kosztem zw\u0119\u017cenia pas\u00f3w ruchu na d\u0142ugo\u015bci przystanku z pewno\u015bci\u0105 przyczyni\u0142y si\u0119 do zwi\u0119kszenia bezpiecze\u0144stwa pieszych. Rozwi\u0105zanie takie zastosowano na trzech kolejnych przystankach trasy na Julianov. 12.09.2008<\/p>\n","protected":false},"author":1,"featured_media":12973,"comment_status":"open","ping_status":"","sticky":false,"template":"","format":"standard","meta":{"footnotes":""},"categories":[120,3],"tags":[329,328,49,330,230,994],"class_list":["post-12972","post","type-post","status-publish","format-standard","has-post-thumbnail","hentry","category-rok-2008","category-tramwaj","tag-2008-09-12","tag-brno","tag-czechy","tag-dpmb-brno","tag-infrastruktura","tag-tatra-k2"],"_links":{"self":[{"href":"http:\/\/wgphoto.pl\/t\/index.php?rest_route=\/wp\/v2\/posts\/12972","targetHints":{"allow":["GET"]}}],"collection":[{"href":"http:\/\/wgphoto.pl\/t\/index.php?rest_route=\/wp\/v2\/posts"}],"about":[{"href":"http:\/\/wgphoto.pl\/t\/index.php?rest_route=\/wp\/v2\/types\/post"}],"author":[{"embeddable":true,"href":"http:\/\/wgphoto.pl\/t\/index.php?rest_route=\/wp\/v2\/users\/1"}],"replies":[{"embeddable":true,"href":"http:\/\/wgphoto.pl\/t\/index.php?rest_route=%2Fwp%2Fv2%2Fcomments&post=12972"}],"version-history":[{"count":1,"href":"http:\/\/wgphoto.pl\/t\/index.php?rest_route=\/wp\/v2\/posts\/12972\/revisions"}],"predecessor-version":[{"id":12974,"href":"http:\/\/wgphoto.pl\/t\/index.php?rest_route=\/wp\/v2\/posts\/12972\/revisions\/12974"}],"wp:featuredmedia":[{"embeddable":true,"href":"http:\/\/wgphoto.pl\/t\/index.php?rest_route=\/wp\/v2\/media\/12973"}],"wp:attachment":[{"href":"http:\/\/wgphoto.pl\/t\/index.php?rest_route=%2Fwp%2Fv2%2Fmedia&parent=12972"}],"wp:term":[{"taxonomy":"category","embeddable":true,"href":"http:\/\/wgphoto.pl\/t\/index.php?rest_route=%2Fwp%2Fv2%2Fcategories&post=12972"},{"taxonomy":"post_tag","embeddable":true,"href":"http:\/\/wgphoto.pl\/t\/index.php?rest_route=%2Fwp%2Fv2%2Ftags&post=12972"}],"curies":[{"name":"wp","href":"https:\/\/api.w.org\/{rel}","templated":true}]}}