{"id":13012,"date":"2025-02-28T18:02:41","date_gmt":"2025-02-28T17:02:41","guid":{"rendered":"https:\/\/wgphoto.pl\/t\/?p=13012"},"modified":"2025-02-28T18:02:41","modified_gmt":"2025-02-28T17:02:41","slug":"morby-centrum-2","status":"publish","type":"post","link":"http:\/\/wgphoto.pl\/t\/?p=13012","title":{"rendered":"M\u00f6rby centrum (2)"},"content":{"rendered":"\n<figure class=\"wp-block-image aligncenter size-full\"><img loading=\"lazy\" decoding=\"async\" width=\"1200\" height=\"803\" src=\"https:\/\/wgphoto.pl\/t\/wp-content\/uploads\/2025\/02\/imgp5703.jpg\" alt=\"\" class=\"wp-image-13013\" srcset=\"http:\/\/wgphoto.pl\/t\/wp-content\/uploads\/2025\/02\/imgp5703.jpg 1200w, http:\/\/wgphoto.pl\/t\/wp-content\/uploads\/2025\/02\/imgp5703-300x201.jpg 300w, http:\/\/wgphoto.pl\/t\/wp-content\/uploads\/2025\/02\/imgp5703-768x514.jpg 768w\" sizes=\"auto, (max-width: 1200px) 100vw, 1200px\" \/><\/figure>\n\n\n\n<div class=\"wp-block-group has-global-padding is-layout-constrained wp-block-group-is-layout-constrained\">\n<p>C20 2095, M\u00f6rby centrum. Stacja, na kt\u00f3rej si\u0119 znajdujemy, jest jedn\u0105 spo\u015br\u00f3d 38 stacji sztokholmskiego metra wykutych w skale. Cz\u0119\u015b\u0107 z nich, zw\u0142aszcza tych otwartych w pierwszym okresie tworzenia tutejszego systemu podziemnej kolei, posiada zupe\u0142nie standardowy wystr\u00f3j za spraw\u0105 obetonowania litej ska\u0142y. Wi\u0119kszo\u015b\u0107 jednak &#8222;skalistych&#8221; stacji pod wzgl\u0119dem budowlanym wygl\u0105da podobnie do przedstawionej powy\u017cej, ale ka\u017cd\u0105 z nich odr\u00f3\u017cniaj\u0105 unikalne malowid\u0142a \u015bcienne b\u0105d\u017a inne instalacje artystyczne. Te z M\u00f6rby akurat nieszczeg\u00f3lnie przypadaj\u0105 mi do gustu. 2011-12-07<\/p>\n<\/div>\n","protected":false},"excerpt":{"rendered":"<p>C20 2095, M\u00f6rby centrum. Stacja, na kt\u00f3rej si\u0119 znajdujemy, jest jedn\u0105 spo\u015br\u00f3d 38 stacji sztokholmskiego metra wykutych w skale. Cz\u0119\u015b\u0107 z nich, zw\u0142aszcza tych otwartych w pierwszym okresie tworzenia tutejszego systemu podziemnej kolei, posiada zupe\u0142nie standardowy wystr\u00f3j za spraw\u0105 obetonowania litej ska\u0142y. Wi\u0119kszo\u015b\u0107 jednak &#8222;skalistych&#8221; stacji pod wzgl\u0119dem budowlanym wygl\u0105da podobnie do przedstawionej powy\u017cej, ale [&hellip;]<\/p>\n","protected":false},"author":1,"featured_media":13013,"comment_status":"open","ping_status":"","sticky":false,"template":"","format":"standard","meta":{"footnotes":""},"categories":[4,77],"tags":[1128,1129,173,682,719,1127,686,685,15],"class_list":["post-13012","post","type-post","status-publish","format-standard","has-post-thumbnail","hentry","category-metro","category-rok-2011","tag-2011-12-07","tag-c20","tag-koncowki","tag-sl-stockholm","tag-stacje-sztokholmskiego-metra","tag-stockholms-tunnelbana","tag-sztokholm","tag-szwecja","tag-tunel"],"_links":{"self":[{"href":"http:\/\/wgphoto.pl\/t\/index.php?rest_route=\/wp\/v2\/posts\/13012","targetHints":{"allow":["GET"]}}],"collection":[{"href":"http:\/\/wgphoto.pl\/t\/index.php?rest_route=\/wp\/v2\/posts"}],"about":[{"href":"http:\/\/wgphoto.pl\/t\/index.php?rest_route=\/wp\/v2\/types\/post"}],"author":[{"embeddable":true,"href":"http:\/\/wgphoto.pl\/t\/index.php?rest_route=\/wp\/v2\/users\/1"}],"replies":[{"embeddable":true,"href":"http:\/\/wgphoto.pl\/t\/index.php?rest_route=%2Fwp%2Fv2%2Fcomments&post=13012"}],"version-history":[{"count":1,"href":"http:\/\/wgphoto.pl\/t\/index.php?rest_route=\/wp\/v2\/posts\/13012\/revisions"}],"predecessor-version":[{"id":13014,"href":"http:\/\/wgphoto.pl\/t\/index.php?rest_route=\/wp\/v2\/posts\/13012\/revisions\/13014"}],"wp:featuredmedia":[{"embeddable":true,"href":"http:\/\/wgphoto.pl\/t\/index.php?rest_route=\/wp\/v2\/media\/13013"}],"wp:attachment":[{"href":"http:\/\/wgphoto.pl\/t\/index.php?rest_route=%2Fwp%2Fv2%2Fmedia&parent=13012"}],"wp:term":[{"taxonomy":"category","embeddable":true,"href":"http:\/\/wgphoto.pl\/t\/index.php?rest_route=%2Fwp%2Fv2%2Fcategories&post=13012"},{"taxonomy":"post_tag","embeddable":true,"href":"http:\/\/wgphoto.pl\/t\/index.php?rest_route=%2Fwp%2Fv2%2Ftags&post=13012"}],"curies":[{"name":"wp","href":"https:\/\/api.w.org\/{rel}","templated":true}]}}