{"id":1303,"date":"2024-10-03T16:50:45","date_gmt":"2024-10-03T14:50:45","guid":{"rendered":"https:\/\/wgphoto.pl\/t\/?p=1303"},"modified":"2024-10-03T16:50:45","modified_gmt":"2024-10-03T14:50:45","slug":"zuzlowe-e2","status":"publish","type":"post","link":"http:\/\/wgphoto.pl\/t\/?p=1303","title":{"rendered":"\u017bu\u017clowe E2"},"content":{"rendered":"\n<figure class=\"wp-block-image aligncenter size-full\"><img loading=\"lazy\" decoding=\"async\" width=\"1200\" height=\"800\" src=\"https:\/\/wgphoto.pl\/t\/wp-content\/uploads\/2024\/10\/0710-36.jpg\" alt=\"\" class=\"wp-image-1304\" srcset=\"http:\/\/wgphoto.pl\/t\/wp-content\/uploads\/2024\/10\/0710-36.jpg 1200w, http:\/\/wgphoto.pl\/t\/wp-content\/uploads\/2024\/10\/0710-36-300x200.jpg 300w, http:\/\/wgphoto.pl\/t\/wp-content\/uploads\/2024\/10\/0710-36-768x512.jpg 768w\" sizes=\"auto, (max-width: 1200px) 100vw, 1200px\" \/><\/figure>\n\n\n\n<div class=\"wp-block-group has-global-padding is-layout-constrained wp-block-group-is-layout-constrained\">\n<p>Wroc\u0142aw, al. Ludomira R\u00f3\u017cyckiego, a na niej tramwaje oczekuj\u0105ce na odw\u00f3z kibic\u00f3w ze Stadionu Olimpijskiego po zako\u0144czonym meczu \u017cu\u017clowym. Do odstawienia tramwaj\u00f3w specjalnych wykorzystano odcinek nieczynny z powodu remontu mostu Szczytnickiego, a ca\u0142o\u015b\u0107 operacji przeprowadzono dosy\u0107 odwa\u017cnie, poniewa\u017c wymaga\u0142a ona d\u0142ugiego cofania tych wszystkich pojazd\u00f3w. 12.05.2007<\/p>\n<\/div>\n","protected":false},"excerpt":{"rendered":"<p>Wroc\u0142aw, al. Ludomira R\u00f3\u017cyckiego, a na niej tramwaje oczekuj\u0105ce na odw\u00f3z kibic\u00f3w ze Stadionu Olimpijskiego po zako\u0144czonym meczu \u017cu\u017clowym. Do odstawienia tramwaj\u00f3w specjalnych wykorzystano odcinek nieczynny z powodu remontu mostu Szczytnickiego, a ca\u0142o\u015b\u0107 operacji przeprowadzono dosy\u0107 odwa\u017cnie, poniewa\u017c wymaga\u0142a ona d\u0142ugiego cofania tych wszystkich pojazd\u00f3w. 12.05.2007<\/p>\n","protected":false},"author":1,"featured_media":1304,"comment_status":"open","ping_status":"","sticky":false,"template":"","format":"standard","meta":{"footnotes":""},"categories":[62,96,3],"tags":[155,621,42,27,41,127],"class_list":["post-1303","post","type-post","status-publish","format-standard","has-post-thumbnail","hentry","category-analog","category-rok-2007","category-tramwaj","tag-105na","tag-2007-05-12","tag-mpk-wroclaw","tag-polska","tag-wroclaw","tag-wroclawskie-e"],"_links":{"self":[{"href":"http:\/\/wgphoto.pl\/t\/index.php?rest_route=\/wp\/v2\/posts\/1303","targetHints":{"allow":["GET"]}}],"collection":[{"href":"http:\/\/wgphoto.pl\/t\/index.php?rest_route=\/wp\/v2\/posts"}],"about":[{"href":"http:\/\/wgphoto.pl\/t\/index.php?rest_route=\/wp\/v2\/types\/post"}],"author":[{"embeddable":true,"href":"http:\/\/wgphoto.pl\/t\/index.php?rest_route=\/wp\/v2\/users\/1"}],"replies":[{"embeddable":true,"href":"http:\/\/wgphoto.pl\/t\/index.php?rest_route=%2Fwp%2Fv2%2Fcomments&post=1303"}],"version-history":[{"count":1,"href":"http:\/\/wgphoto.pl\/t\/index.php?rest_route=\/wp\/v2\/posts\/1303\/revisions"}],"predecessor-version":[{"id":1305,"href":"http:\/\/wgphoto.pl\/t\/index.php?rest_route=\/wp\/v2\/posts\/1303\/revisions\/1305"}],"wp:featuredmedia":[{"embeddable":true,"href":"http:\/\/wgphoto.pl\/t\/index.php?rest_route=\/wp\/v2\/media\/1304"}],"wp:attachment":[{"href":"http:\/\/wgphoto.pl\/t\/index.php?rest_route=%2Fwp%2Fv2%2Fmedia&parent=1303"}],"wp:term":[{"taxonomy":"category","embeddable":true,"href":"http:\/\/wgphoto.pl\/t\/index.php?rest_route=%2Fwp%2Fv2%2Fcategories&post=1303"},{"taxonomy":"post_tag","embeddable":true,"href":"http:\/\/wgphoto.pl\/t\/index.php?rest_route=%2Fwp%2Fv2%2Ftags&post=1303"}],"curies":[{"name":"wp","href":"https:\/\/api.w.org\/{rel}","templated":true}]}}