{"id":13048,"date":"2025-02-28T18:14:14","date_gmt":"2025-02-28T17:14:14","guid":{"rendered":"https:\/\/wgphoto.pl\/t\/?p=13048"},"modified":"2025-02-28T18:14:14","modified_gmt":"2025-02-28T17:14:14","slug":"historia-swiata-2","status":"publish","type":"post","link":"http:\/\/wgphoto.pl\/t\/?p=13048","title":{"rendered":"Historia \u015bwiata"},"content":{"rendered":"\n<figure class=\"wp-block-image aligncenter size-full\"><img loading=\"lazy\" decoding=\"async\" width=\"1300\" height=\"870\" src=\"https:\/\/wgphoto.pl\/t\/wp-content\/uploads\/2025\/02\/imgp6209-11.jpg\" alt=\"\" class=\"wp-image-13049\" srcset=\"http:\/\/wgphoto.pl\/t\/wp-content\/uploads\/2025\/02\/imgp6209-11.jpg 1300w, http:\/\/wgphoto.pl\/t\/wp-content\/uploads\/2025\/02\/imgp6209-11-300x201.jpg 300w, http:\/\/wgphoto.pl\/t\/wp-content\/uploads\/2025\/02\/imgp6209-11-768x514.jpg 768w\" sizes=\"auto, (max-width: 1300px) 100vw, 1300px\" \/><\/figure>\n\n\n\n<div class=\"wp-block-group has-global-padding is-layout-constrained wp-block-group-is-layout-constrained\">\n<p>Poci\u0105g linii 10 odje\u017cd\u017ca ze stacji Rissne, na \u015bcianach kt\u00f3rej umieszczono skr\u00f3con\u0105 wersj\u0119 historii \u015bwiata (po lewej stronie wersj\u0119 tekstow\u0105, po prawej za\u015b &#8211; zawieraj\u0105c\u0105 mapy) od 3000 r p.n.e. do czas\u00f3w wsp\u00f3\u0142czesnych. Koniec wagonu C20 2140 mija w\u0142a\u015bnie dwutysi\u0119czny rok p.n.e. 2011-12-09<\/p>\n<\/div>\n","protected":false},"excerpt":{"rendered":"<p>Poci\u0105g linii 10 odje\u017cd\u017ca ze stacji Rissne, na \u015bcianach kt\u00f3rej umieszczono skr\u00f3con\u0105 wersj\u0119 historii \u015bwiata (po lewej stronie wersj\u0119 tekstow\u0105, po prawej za\u015b &#8211; zawieraj\u0105c\u0105 mapy) od 3000 r p.n.e. do czas\u00f3w wsp\u00f3\u0142czesnych. Koniec wagonu C20 2140 mija w\u0142a\u015bnie dwutysi\u0119czny rok p.n.e. 2011-12-09<\/p>\n","protected":false},"author":1,"featured_media":13049,"comment_status":"open","ping_status":"","sticky":false,"template":"","format":"standard","meta":{"footnotes":""},"categories":[4,77],"tags":[718,1129,173,682,719,1127,686,685,15],"class_list":["post-13048","post","type-post","status-publish","format-standard","has-post-thumbnail","hentry","category-metro","category-rok-2011","tag-2011-12-09","tag-c20","tag-koncowki","tag-sl-stockholm","tag-stacje-sztokholmskiego-metra","tag-stockholms-tunnelbana","tag-sztokholm","tag-szwecja","tag-tunel"],"_links":{"self":[{"href":"http:\/\/wgphoto.pl\/t\/index.php?rest_route=\/wp\/v2\/posts\/13048","targetHints":{"allow":["GET"]}}],"collection":[{"href":"http:\/\/wgphoto.pl\/t\/index.php?rest_route=\/wp\/v2\/posts"}],"about":[{"href":"http:\/\/wgphoto.pl\/t\/index.php?rest_route=\/wp\/v2\/types\/post"}],"author":[{"embeddable":true,"href":"http:\/\/wgphoto.pl\/t\/index.php?rest_route=\/wp\/v2\/users\/1"}],"replies":[{"embeddable":true,"href":"http:\/\/wgphoto.pl\/t\/index.php?rest_route=%2Fwp%2Fv2%2Fcomments&post=13048"}],"version-history":[{"count":1,"href":"http:\/\/wgphoto.pl\/t\/index.php?rest_route=\/wp\/v2\/posts\/13048\/revisions"}],"predecessor-version":[{"id":13050,"href":"http:\/\/wgphoto.pl\/t\/index.php?rest_route=\/wp\/v2\/posts\/13048\/revisions\/13050"}],"wp:featuredmedia":[{"embeddable":true,"href":"http:\/\/wgphoto.pl\/t\/index.php?rest_route=\/wp\/v2\/media\/13049"}],"wp:attachment":[{"href":"http:\/\/wgphoto.pl\/t\/index.php?rest_route=%2Fwp%2Fv2%2Fmedia&parent=13048"}],"wp:term":[{"taxonomy":"category","embeddable":true,"href":"http:\/\/wgphoto.pl\/t\/index.php?rest_route=%2Fwp%2Fv2%2Fcategories&post=13048"},{"taxonomy":"post_tag","embeddable":true,"href":"http:\/\/wgphoto.pl\/t\/index.php?rest_route=%2Fwp%2Fv2%2Ftags&post=13048"}],"curies":[{"name":"wp","href":"https:\/\/api.w.org\/{rel}","templated":true}]}}