{"id":13054,"date":"2025-02-28T18:16:36","date_gmt":"2025-02-28T17:16:36","guid":{"rendered":"https:\/\/wgphoto.pl\/t\/?p=13054"},"modified":"2025-02-28T18:16:36","modified_gmt":"2025-02-28T17:16:36","slug":"pod-centrum","status":"publish","type":"post","link":"http:\/\/wgphoto.pl\/t\/?p=13054","title":{"rendered":"Pod centrum"},"content":{"rendered":"\n<figure class=\"wp-block-image aligncenter size-full\"><img loading=\"lazy\" decoding=\"async\" width=\"900\" height=\"600\" src=\"https:\/\/wgphoto.pl\/t\/wp-content\/uploads\/2025\/02\/imgp6246.jpg\" alt=\"\" class=\"wp-image-13055\" srcset=\"http:\/\/wgphoto.pl\/t\/wp-content\/uploads\/2025\/02\/imgp6246.jpg 900w, http:\/\/wgphoto.pl\/t\/wp-content\/uploads\/2025\/02\/imgp6246-300x200.jpg 300w, http:\/\/wgphoto.pl\/t\/wp-content\/uploads\/2025\/02\/imgp6246-768x512.jpg 768w\" sizes=\"auto, (max-width: 900px) 100vw, 900px\" \/><\/figure>\n\n\n\n<div class=\"wp-block-group has-global-padding is-layout-constrained wp-block-group-is-layout-constrained\">\n<p>Poci\u0105g linii 17, na ko\u0144cu kt\u00f3rego znalaz\u0142 si\u0119 zestaw C20 2214, w\u0142a\u015bnie rusza ze stacji Odenplan, po\u0142o\u017conej na pierwszym odcinku metra w \u015bcis\u0142ym centrum miasta (cho\u0107 nie w Sztokholmie w og\u00f3le), otwartym do ruchu 26 pa\u017adziernika 1952 roku. 09.12.2011<\/p>\n<\/div>\n","protected":false},"excerpt":{"rendered":"<p>Poci\u0105g linii 17, na ko\u0144cu kt\u00f3rego znalaz\u0142 si\u0119 zestaw C20 2214, w\u0142a\u015bnie rusza ze stacji Odenplan, po\u0142o\u017conej na pierwszym odcinku metra w \u015bcis\u0142ym centrum miasta (cho\u0107 nie w Sztokholmie w og\u00f3le), otwartym do ruchu 26 pa\u017adziernika 1952 roku. 09.12.2011<\/p>\n","protected":false},"author":1,"featured_media":13055,"comment_status":"open","ping_status":"","sticky":false,"template":"","format":"standard","meta":{"footnotes":""},"categories":[4,77],"tags":[718,1129,173,682,719,1127,686,685,15],"class_list":["post-13054","post","type-post","status-publish","format-standard","has-post-thumbnail","hentry","category-metro","category-rok-2011","tag-2011-12-09","tag-c20","tag-koncowki","tag-sl-stockholm","tag-stacje-sztokholmskiego-metra","tag-stockholms-tunnelbana","tag-sztokholm","tag-szwecja","tag-tunel"],"_links":{"self":[{"href":"http:\/\/wgphoto.pl\/t\/index.php?rest_route=\/wp\/v2\/posts\/13054","targetHints":{"allow":["GET"]}}],"collection":[{"href":"http:\/\/wgphoto.pl\/t\/index.php?rest_route=\/wp\/v2\/posts"}],"about":[{"href":"http:\/\/wgphoto.pl\/t\/index.php?rest_route=\/wp\/v2\/types\/post"}],"author":[{"embeddable":true,"href":"http:\/\/wgphoto.pl\/t\/index.php?rest_route=\/wp\/v2\/users\/1"}],"replies":[{"embeddable":true,"href":"http:\/\/wgphoto.pl\/t\/index.php?rest_route=%2Fwp%2Fv2%2Fcomments&post=13054"}],"version-history":[{"count":1,"href":"http:\/\/wgphoto.pl\/t\/index.php?rest_route=\/wp\/v2\/posts\/13054\/revisions"}],"predecessor-version":[{"id":13056,"href":"http:\/\/wgphoto.pl\/t\/index.php?rest_route=\/wp\/v2\/posts\/13054\/revisions\/13056"}],"wp:featuredmedia":[{"embeddable":true,"href":"http:\/\/wgphoto.pl\/t\/index.php?rest_route=\/wp\/v2\/media\/13055"}],"wp:attachment":[{"href":"http:\/\/wgphoto.pl\/t\/index.php?rest_route=%2Fwp%2Fv2%2Fmedia&parent=13054"}],"wp:term":[{"taxonomy":"category","embeddable":true,"href":"http:\/\/wgphoto.pl\/t\/index.php?rest_route=%2Fwp%2Fv2%2Fcategories&post=13054"},{"taxonomy":"post_tag","embeddable":true,"href":"http:\/\/wgphoto.pl\/t\/index.php?rest_route=%2Fwp%2Fv2%2Ftags&post=13054"}],"curies":[{"name":"wp","href":"https:\/\/api.w.org\/{rel}","templated":true}]}}