{"id":13069,"date":"2025-02-28T18:22:52","date_gmt":"2025-02-28T17:22:52","guid":{"rendered":"https:\/\/wgphoto.pl\/t\/?p=13069"},"modified":"2025-02-28T18:22:52","modified_gmt":"2025-02-28T17:22:52","slug":"mijanka-w-lesie-2","status":"publish","type":"post","link":"http:\/\/wgphoto.pl\/t\/?p=13069","title":{"rendered":"Mijanka w lesie (2)"},"content":{"rendered":"\n<figure class=\"wp-block-image aligncenter size-full\"><img loading=\"lazy\" decoding=\"async\" width=\"1300\" height=\"870\" src=\"https:\/\/wgphoto.pl\/t\/wp-content\/uploads\/2025\/02\/imgp3169.jpg\" alt=\"\" class=\"wp-image-13070\" srcset=\"http:\/\/wgphoto.pl\/t\/wp-content\/uploads\/2025\/02\/imgp3169.jpg 1300w, http:\/\/wgphoto.pl\/t\/wp-content\/uploads\/2025\/02\/imgp3169-300x201.jpg 300w, http:\/\/wgphoto.pl\/t\/wp-content\/uploads\/2025\/02\/imgp3169-768x514.jpg 768w\" sizes=\"auto, (max-width: 1300px) 100vw, 1300px\" \/><\/figure>\n\n\n\n<div class=\"wp-block-group has-global-padding is-layout-constrained wp-block-group-is-layout-constrained\">\n<p>Na mijance w lesie, mi\u0119dzy przystankami Goethestra\u00dfe i S-bhf Rahnsdorf, krzy\u017cowania odbywaj\u0105 si\u0119 tylko w szczytach, za to cz\u0119sto &#8211; co 10 minut. Wagon oznaczony liter\u0105 E wykonuje kursy w skr\u00f3conej relacji S-bhf Rahnsdorf &#8211; Berliner Platz, zag\u0119szczaj\u0105c na tym odcinku takt do rzeczonych 10 minut. Na pozosta\u0142ym odcinku oraz poza godzinami szczytu tramwaje kursuj\u0105 co 20 minut. 2013-04-30<\/p>\n<\/div>\n","protected":false},"excerpt":{"rendered":"<p>Na mijance w lesie, mi\u0119dzy przystankami Goethestra\u00dfe i S-bhf Rahnsdorf, krzy\u017cowania odbywaj\u0105 si\u0119 tylko w szczytach, za to cz\u0119sto &#8211; co 10 minut. Wagon oznaczony liter\u0105 E wykonuje kursy w skr\u00f3conej relacji S-bhf Rahnsdorf &#8211; Berliner Platz, zag\u0119szczaj\u0105c na tym odcinku takt do rzeczonych 10 minut. Na pozosta\u0142ym odcinku oraz poza godzinami szczytu tramwaje kursuj\u0105 [&hellip;]<\/p>\n","protected":false},"author":1,"featured_media":13070,"comment_status":"open","ping_status":"","sticky":false,"template":"","format":"standard","meta":{"footnotes":""},"categories":[55,3],"tags":[642,2150,640,389,23,561,2148],"class_list":["post-13069","post","type-post","status-publish","format-standard","has-post-thumbnail","hentry","category-rok-2013","category-tramwaj","tag-2013-04-30","tag-gotha-t57","tag-majowka-2013","tag-mijanka","tag-niemcy","tag-tramwaj-podmiejski","tag-woltersdorf"],"_links":{"self":[{"href":"http:\/\/wgphoto.pl\/t\/index.php?rest_route=\/wp\/v2\/posts\/13069","targetHints":{"allow":["GET"]}}],"collection":[{"href":"http:\/\/wgphoto.pl\/t\/index.php?rest_route=\/wp\/v2\/posts"}],"about":[{"href":"http:\/\/wgphoto.pl\/t\/index.php?rest_route=\/wp\/v2\/types\/post"}],"author":[{"embeddable":true,"href":"http:\/\/wgphoto.pl\/t\/index.php?rest_route=\/wp\/v2\/users\/1"}],"replies":[{"embeddable":true,"href":"http:\/\/wgphoto.pl\/t\/index.php?rest_route=%2Fwp%2Fv2%2Fcomments&post=13069"}],"version-history":[{"count":1,"href":"http:\/\/wgphoto.pl\/t\/index.php?rest_route=\/wp\/v2\/posts\/13069\/revisions"}],"predecessor-version":[{"id":13071,"href":"http:\/\/wgphoto.pl\/t\/index.php?rest_route=\/wp\/v2\/posts\/13069\/revisions\/13071"}],"wp:featuredmedia":[{"embeddable":true,"href":"http:\/\/wgphoto.pl\/t\/index.php?rest_route=\/wp\/v2\/media\/13070"}],"wp:attachment":[{"href":"http:\/\/wgphoto.pl\/t\/index.php?rest_route=%2Fwp%2Fv2%2Fmedia&parent=13069"}],"wp:term":[{"taxonomy":"category","embeddable":true,"href":"http:\/\/wgphoto.pl\/t\/index.php?rest_route=%2Fwp%2Fv2%2Fcategories&post=13069"},{"taxonomy":"post_tag","embeddable":true,"href":"http:\/\/wgphoto.pl\/t\/index.php?rest_route=%2Fwp%2Fv2%2Ftags&post=13069"}],"curies":[{"name":"wp","href":"https:\/\/api.w.org\/{rel}","templated":true}]}}