{"id":13072,"date":"2025-02-28T18:23:48","date_gmt":"2025-02-28T17:23:48","guid":{"rendered":"https:\/\/wgphoto.pl\/t\/?p=13072"},"modified":"2025-02-28T18:23:48","modified_gmt":"2025-02-28T17:23:48","slug":"jedyna-taka-mijanka","status":"publish","type":"post","link":"http:\/\/wgphoto.pl\/t\/?p=13072","title":{"rendered":"Jedyna taka mijanka"},"content":{"rendered":"\n<figure class=\"wp-block-image aligncenter size-full\"><img loading=\"lazy\" decoding=\"async\" width=\"1024\" height=\"683\" src=\"https:\/\/wgphoto.pl\/t\/wp-content\/uploads\/2025\/02\/imgp2983-1.jpg\" alt=\"\" class=\"wp-image-13073\" srcset=\"http:\/\/wgphoto.pl\/t\/wp-content\/uploads\/2025\/02\/imgp2983-1.jpg 1024w, http:\/\/wgphoto.pl\/t\/wp-content\/uploads\/2025\/02\/imgp2983-1-300x200.jpg 300w, http:\/\/wgphoto.pl\/t\/wp-content\/uploads\/2025\/02\/imgp2983-1-768x512.jpg 768w\" sizes=\"auto, (max-width: 1024px) 100vw, 1024px\" \/><\/figure>\n\n\n\n<div class=\"wp-block-group has-global-padding is-layout-constrained wp-block-group-is-layout-constrained\">\n<p>Strausberg, Hegerm\u00fchle. Pachn\u0105cy nowo\u015bci\u0105 wagon 0041 krzy\u017cuje ze starszej budowy wozem 21 na jedynej mijance na trasie linii 89. Strausberg jest jedynym miejscem na \u015bwiecie, gdzie w jednym kadrze mo\u017cna sfotografowa\u0107 nowego berli\u0144skiego niederflura z czechos\u0142owackim wagonem KT8D5 o pudle szeroko\u015bci 2,5 m, wykraczaj\u0105cym poza standard niemieckiej skrajni, wynosz\u0105cy w przypadku pojazd\u00f3w podobnej budowy (Tatry KT4D i T6A2) tylko 2,2 m. 2013-04-30<\/p>\n<\/div>\n","protected":false},"excerpt":{"rendered":"<p>Strausberg, Hegerm\u00fchle. Pachn\u0105cy nowo\u015bci\u0105 wagon 0041 krzy\u017cuje ze starszej budowy wozem 21 na jedynej mijance na trasie linii 89. Strausberg jest jedynym miejscem na \u015bwiecie, gdzie w jednym kadrze mo\u017cna sfotografowa\u0107 nowego berli\u0144skiego niederflura z czechos\u0142owackim wagonem KT8D5 o pudle szeroko\u015bci 2,5 m, wykraczaj\u0105cym poza standard niemieckiej skrajni, wynosz\u0105cy w przypadku pojazd\u00f3w podobnej budowy (Tatry [&hellip;]<\/p>\n","protected":false},"author":1,"featured_media":13073,"comment_status":"open","ping_status":"","sticky":false,"template":"","format":"standard","meta":{"footnotes":""},"categories":[55,3],"tags":[642,1629,640,389,23,641,1075,561],"class_list":["post-13072","post","type-post","status-publish","format-standard","has-post-thumbnail","hentry","category-rok-2013","category-tramwaj","tag-2013-04-30","tag-bombardier-flexity-berlin","tag-majowka-2013","tag-mijanka","tag-niemcy","tag-strausberg","tag-tatra-kt8","tag-tramwaj-podmiejski"],"_links":{"self":[{"href":"http:\/\/wgphoto.pl\/t\/index.php?rest_route=\/wp\/v2\/posts\/13072","targetHints":{"allow":["GET"]}}],"collection":[{"href":"http:\/\/wgphoto.pl\/t\/index.php?rest_route=\/wp\/v2\/posts"}],"about":[{"href":"http:\/\/wgphoto.pl\/t\/index.php?rest_route=\/wp\/v2\/types\/post"}],"author":[{"embeddable":true,"href":"http:\/\/wgphoto.pl\/t\/index.php?rest_route=\/wp\/v2\/users\/1"}],"replies":[{"embeddable":true,"href":"http:\/\/wgphoto.pl\/t\/index.php?rest_route=%2Fwp%2Fv2%2Fcomments&post=13072"}],"version-history":[{"count":1,"href":"http:\/\/wgphoto.pl\/t\/index.php?rest_route=\/wp\/v2\/posts\/13072\/revisions"}],"predecessor-version":[{"id":13074,"href":"http:\/\/wgphoto.pl\/t\/index.php?rest_route=\/wp\/v2\/posts\/13072\/revisions\/13074"}],"wp:featuredmedia":[{"embeddable":true,"href":"http:\/\/wgphoto.pl\/t\/index.php?rest_route=\/wp\/v2\/media\/13073"}],"wp:attachment":[{"href":"http:\/\/wgphoto.pl\/t\/index.php?rest_route=%2Fwp%2Fv2%2Fmedia&parent=13072"}],"wp:term":[{"taxonomy":"category","embeddable":true,"href":"http:\/\/wgphoto.pl\/t\/index.php?rest_route=%2Fwp%2Fv2%2Fcategories&post=13072"},{"taxonomy":"post_tag","embeddable":true,"href":"http:\/\/wgphoto.pl\/t\/index.php?rest_route=%2Fwp%2Fv2%2Ftags&post=13072"}],"curies":[{"name":"wp","href":"https:\/\/api.w.org\/{rel}","templated":true}]}}