{"id":13075,"date":"2025-02-28T18:24:38","date_gmt":"2025-02-28T17:24:38","guid":{"rendered":"https:\/\/wgphoto.pl\/t\/?p=13075"},"modified":"2025-02-28T18:24:38","modified_gmt":"2025-02-28T17:24:38","slug":"czy-to-na-pewno-niemcy","status":"publish","type":"post","link":"http:\/\/wgphoto.pl\/t\/?p=13075","title":{"rendered":"Czy to na pewno Niemcy?"},"content":{"rendered":"\n<figure class=\"wp-block-image aligncenter size-full\"><img loading=\"lazy\" decoding=\"async\" width=\"1300\" height=\"870\" src=\"https:\/\/wgphoto.pl\/t\/wp-content\/uploads\/2025\/02\/imgp3012.jpg\" alt=\"\" class=\"wp-image-13076\" srcset=\"http:\/\/wgphoto.pl\/t\/wp-content\/uploads\/2025\/02\/imgp3012.jpg 1300w, http:\/\/wgphoto.pl\/t\/wp-content\/uploads\/2025\/02\/imgp3012-300x201.jpg 300w, http:\/\/wgphoto.pl\/t\/wp-content\/uploads\/2025\/02\/imgp3012-768x514.jpg 768w\" sizes=\"auto, (max-width: 1300px) 100vw, 1300px\" \/><\/figure>\n\n\n\n<div class=\"wp-block-group has-global-padding is-layout-constrained wp-block-group-is-layout-constrained\">\n<p>Strausberg, Lindenpromenade. Gruntowa droga dojazdowa do domk\u00f3w jednorodzinnych niespecjalnie pasuje do wyobra\u017cenia o Niemczech. Podobnie jest z tramwajami serii KT8, kt\u00f3rych trzy sztuki sprowadzono do Strausbergu w 1995 roku z Koszyc i s\u0105 to jedyni przedstawiciele tej serii w tym kraju. 2013-04-30<\/p>\n<\/div>\n","protected":false},"excerpt":{"rendered":"<p>Strausberg, Lindenpromenade. Gruntowa droga dojazdowa do domk\u00f3w jednorodzinnych niespecjalnie pasuje do wyobra\u017cenia o Niemczech. Podobnie jest z tramwajami serii KT8, kt\u00f3rych trzy sztuki sprowadzono do Strausbergu w 1995 roku z Koszyc i s\u0105 to jedyni przedstawiciele tej serii w tym kraju. 2013-04-30<\/p>\n","protected":false},"author":1,"featured_media":13076,"comment_status":"open","ping_status":"","sticky":false,"template":"","format":"standard","meta":{"footnotes":""},"categories":[55,3],"tags":[642,640,23,641,1075,561],"class_list":["post-13075","post","type-post","status-publish","format-standard","has-post-thumbnail","hentry","category-rok-2013","category-tramwaj","tag-2013-04-30","tag-majowka-2013","tag-niemcy","tag-strausberg","tag-tatra-kt8","tag-tramwaj-podmiejski"],"_links":{"self":[{"href":"http:\/\/wgphoto.pl\/t\/index.php?rest_route=\/wp\/v2\/posts\/13075","targetHints":{"allow":["GET"]}}],"collection":[{"href":"http:\/\/wgphoto.pl\/t\/index.php?rest_route=\/wp\/v2\/posts"}],"about":[{"href":"http:\/\/wgphoto.pl\/t\/index.php?rest_route=\/wp\/v2\/types\/post"}],"author":[{"embeddable":true,"href":"http:\/\/wgphoto.pl\/t\/index.php?rest_route=\/wp\/v2\/users\/1"}],"replies":[{"embeddable":true,"href":"http:\/\/wgphoto.pl\/t\/index.php?rest_route=%2Fwp%2Fv2%2Fcomments&post=13075"}],"version-history":[{"count":1,"href":"http:\/\/wgphoto.pl\/t\/index.php?rest_route=\/wp\/v2\/posts\/13075\/revisions"}],"predecessor-version":[{"id":13077,"href":"http:\/\/wgphoto.pl\/t\/index.php?rest_route=\/wp\/v2\/posts\/13075\/revisions\/13077"}],"wp:featuredmedia":[{"embeddable":true,"href":"http:\/\/wgphoto.pl\/t\/index.php?rest_route=\/wp\/v2\/media\/13076"}],"wp:attachment":[{"href":"http:\/\/wgphoto.pl\/t\/index.php?rest_route=%2Fwp%2Fv2%2Fmedia&parent=13075"}],"wp:term":[{"taxonomy":"category","embeddable":true,"href":"http:\/\/wgphoto.pl\/t\/index.php?rest_route=%2Fwp%2Fv2%2Fcategories&post=13075"},{"taxonomy":"post_tag","embeddable":true,"href":"http:\/\/wgphoto.pl\/t\/index.php?rest_route=%2Fwp%2Fv2%2Ftags&post=13075"}],"curies":[{"name":"wp","href":"https:\/\/api.w.org\/{rel}","templated":true}]}}