{"id":13081,"date":"2025-02-28T18:29:29","date_gmt":"2025-02-28T17:29:29","guid":{"rendered":"https:\/\/wgphoto.pl\/t\/?p=13081"},"modified":"2025-02-28T18:29:29","modified_gmt":"2025-02-28T17:29:29","slug":"tramwaj-pod-palmami-2","status":"publish","type":"post","link":"http:\/\/wgphoto.pl\/t\/?p=13081","title":{"rendered":"Tramwaj pod palmami"},"content":{"rendered":"\n<figure class=\"wp-block-image aligncenter size-full\"><img loading=\"lazy\" decoding=\"async\" width=\"1300\" height=\"870\" src=\"https:\/\/wgphoto.pl\/t\/wp-content\/uploads\/2025\/02\/imgp7615.jpg\" alt=\"\" class=\"wp-image-13082\" srcset=\"http:\/\/wgphoto.pl\/t\/wp-content\/uploads\/2025\/02\/imgp7615.jpg 1300w, http:\/\/wgphoto.pl\/t\/wp-content\/uploads\/2025\/02\/imgp7615-300x201.jpg 300w, http:\/\/wgphoto.pl\/t\/wp-content\/uploads\/2025\/02\/imgp7615-768x514.jpg 768w\" sizes=\"auto, (max-width: 1300px) 100vw, 1300px\" \/><\/figure>\n\n\n\n<div class=\"wp-block-group has-global-padding is-layout-constrained wp-block-group-is-layout-constrained\">\n<p>Lizbona, Campo das Cebolas, p\u0119tla Rua Alf\u00e2ndega. Normalnie ko\u0144czy tu linia 25, ale &#8211; jak wida\u0107 &#8211; tutaj mamy jaki\u015b wynajem. 2010-09-08<\/p>\n<\/div>\n","protected":false},"excerpt":{"rendered":"<p>Lizbona, Campo das Cebolas, p\u0119tla Rua Alf\u00e2ndega. Normalnie ko\u0144czy tu linia 25, ale &#8211; jak wida\u0107 &#8211; tutaj mamy jaki\u015b wynajem. 2010-09-08<\/p>\n","protected":false},"author":1,"featured_media":13082,"comment_status":"open","ping_status":"","sticky":false,"template":"","format":"standard","meta":{"footnotes":""},"categories":[86,3],"tags":[1431,299,298,297,588,1113],"class_list":["post-13081","post","type-post","status-publish","format-standard","has-post-thumbnail","hentry","category-rok-2010","category-tramwaj","tag-2010-09-08","tag-carris-lisboa","tag-lizbona","tag-portugalia","tag-remodelado","tag-roslinnosc"],"_links":{"self":[{"href":"http:\/\/wgphoto.pl\/t\/index.php?rest_route=\/wp\/v2\/posts\/13081","targetHints":{"allow":["GET"]}}],"collection":[{"href":"http:\/\/wgphoto.pl\/t\/index.php?rest_route=\/wp\/v2\/posts"}],"about":[{"href":"http:\/\/wgphoto.pl\/t\/index.php?rest_route=\/wp\/v2\/types\/post"}],"author":[{"embeddable":true,"href":"http:\/\/wgphoto.pl\/t\/index.php?rest_route=\/wp\/v2\/users\/1"}],"replies":[{"embeddable":true,"href":"http:\/\/wgphoto.pl\/t\/index.php?rest_route=%2Fwp%2Fv2%2Fcomments&post=13081"}],"version-history":[{"count":1,"href":"http:\/\/wgphoto.pl\/t\/index.php?rest_route=\/wp\/v2\/posts\/13081\/revisions"}],"predecessor-version":[{"id":13083,"href":"http:\/\/wgphoto.pl\/t\/index.php?rest_route=\/wp\/v2\/posts\/13081\/revisions\/13083"}],"wp:featuredmedia":[{"embeddable":true,"href":"http:\/\/wgphoto.pl\/t\/index.php?rest_route=\/wp\/v2\/media\/13082"}],"wp:attachment":[{"href":"http:\/\/wgphoto.pl\/t\/index.php?rest_route=%2Fwp%2Fv2%2Fmedia&parent=13081"}],"wp:term":[{"taxonomy":"category","embeddable":true,"href":"http:\/\/wgphoto.pl\/t\/index.php?rest_route=%2Fwp%2Fv2%2Fcategories&post=13081"},{"taxonomy":"post_tag","embeddable":true,"href":"http:\/\/wgphoto.pl\/t\/index.php?rest_route=%2Fwp%2Fv2%2Ftags&post=13081"}],"curies":[{"name":"wp","href":"https:\/\/api.w.org\/{rel}","templated":true}]}}