{"id":13090,"date":"2025-02-28T18:32:12","date_gmt":"2025-02-28T17:32:12","guid":{"rendered":"https:\/\/wgphoto.pl\/t\/?p=13090"},"modified":"2025-02-28T18:32:12","modified_gmt":"2025-02-28T17:32:12","slug":"luk-triumfalny-2","status":"publish","type":"post","link":"http:\/\/wgphoto.pl\/t\/?p=13090","title":{"rendered":"\u0141uk triumfalny (2)"},"content":{"rendered":"\n<figure class=\"wp-block-image aligncenter size-full\"><img loading=\"lazy\" decoding=\"async\" width=\"703\" height=\"1050\" src=\"https:\/\/wgphoto.pl\/t\/wp-content\/uploads\/2025\/02\/imgp7507.jpg\" alt=\"\" class=\"wp-image-13091\" srcset=\"http:\/\/wgphoto.pl\/t\/wp-content\/uploads\/2025\/02\/imgp7507.jpg 703w, http:\/\/wgphoto.pl\/t\/wp-content\/uploads\/2025\/02\/imgp7507-201x300.jpg 201w\" sizes=\"auto, (max-width: 703px) 100vw, 703px\" \/><\/figure>\n\n\n\n<div class=\"wp-block-group has-global-padding is-layout-constrained wp-block-group-is-layout-constrained\">\n<p>Lizbona, Pra\u00e7a do Com\u00e9rcio. Wagon nr 552 obs\u0142uguj\u0105cy lini\u0119 25 min\u0105\u0142 \u0142uk triumfalny. Trasa tej linii nie przebiega tak ciasnymi ulicami jak 12 czy 28, tramwaje korzystaj\u0105 wi\u0119c z tradycyjnych odbierak\u00f3w pr\u0105du. 2010-09-07<\/p>\n<\/div>\n","protected":false},"excerpt":{"rendered":"<p>Lizbona, Pra\u00e7a do Com\u00e9rcio. Wagon nr 552 obs\u0142uguj\u0105cy lini\u0119 25 min\u0105\u0142 \u0142uk triumfalny. Trasa tej linii nie przebiega tak ciasnymi ulicami jak 12 czy 28, tramwaje korzystaj\u0105 wi\u0119c z tradycyjnych odbierak\u00f3w pr\u0105du. 2010-09-07<\/p>\n","protected":false},"author":1,"featured_media":13091,"comment_status":"open","ping_status":"","sticky":false,"template":"","format":"standard","meta":{"footnotes":""},"categories":[128,86,3],"tags":[1430,34,299,298,297,588],"class_list":["post-13090","post","type-post","status-publish","format-standard","has-post-thumbnail","hentry","category-pionowe","category-rok-2010","category-tramwaj","tag-2010-09-07","tag-architektura","tag-carris-lisboa","tag-lizbona","tag-portugalia","tag-remodelado"],"_links":{"self":[{"href":"http:\/\/wgphoto.pl\/t\/index.php?rest_route=\/wp\/v2\/posts\/13090","targetHints":{"allow":["GET"]}}],"collection":[{"href":"http:\/\/wgphoto.pl\/t\/index.php?rest_route=\/wp\/v2\/posts"}],"about":[{"href":"http:\/\/wgphoto.pl\/t\/index.php?rest_route=\/wp\/v2\/types\/post"}],"author":[{"embeddable":true,"href":"http:\/\/wgphoto.pl\/t\/index.php?rest_route=\/wp\/v2\/users\/1"}],"replies":[{"embeddable":true,"href":"http:\/\/wgphoto.pl\/t\/index.php?rest_route=%2Fwp%2Fv2%2Fcomments&post=13090"}],"version-history":[{"count":1,"href":"http:\/\/wgphoto.pl\/t\/index.php?rest_route=\/wp\/v2\/posts\/13090\/revisions"}],"predecessor-version":[{"id":13092,"href":"http:\/\/wgphoto.pl\/t\/index.php?rest_route=\/wp\/v2\/posts\/13090\/revisions\/13092"}],"wp:featuredmedia":[{"embeddable":true,"href":"http:\/\/wgphoto.pl\/t\/index.php?rest_route=\/wp\/v2\/media\/13091"}],"wp:attachment":[{"href":"http:\/\/wgphoto.pl\/t\/index.php?rest_route=%2Fwp%2Fv2%2Fmedia&parent=13090"}],"wp:term":[{"taxonomy":"category","embeddable":true,"href":"http:\/\/wgphoto.pl\/t\/index.php?rest_route=%2Fwp%2Fv2%2Fcategories&post=13090"},{"taxonomy":"post_tag","embeddable":true,"href":"http:\/\/wgphoto.pl\/t\/index.php?rest_route=%2Fwp%2Fv2%2Ftags&post=13090"}],"curies":[{"name":"wp","href":"https:\/\/api.w.org\/{rel}","templated":true}]}}