{"id":13093,"date":"2025-02-28T18:33:08","date_gmt":"2025-02-28T17:33:08","guid":{"rendered":"https:\/\/wgphoto.pl\/t\/?p=13093"},"modified":"2025-02-28T18:33:08","modified_gmt":"2025-02-28T17:33:08","slug":"ciasno-3","status":"publish","type":"post","link":"http:\/\/wgphoto.pl\/t\/?p=13093","title":{"rendered":"Ciasno"},"content":{"rendered":"\n<figure class=\"wp-block-image aligncenter size-full\"><img loading=\"lazy\" decoding=\"async\" width=\"1300\" height=\"870\" src=\"https:\/\/wgphoto.pl\/t\/wp-content\/uploads\/2025\/02\/imgp7343.jpg\" alt=\"\" class=\"wp-image-13094\" srcset=\"http:\/\/wgphoto.pl\/t\/wp-content\/uploads\/2025\/02\/imgp7343.jpg 1300w, http:\/\/wgphoto.pl\/t\/wp-content\/uploads\/2025\/02\/imgp7343-300x201.jpg 300w, http:\/\/wgphoto.pl\/t\/wp-content\/uploads\/2025\/02\/imgp7343-768x514.jpg 768w\" sizes=\"auto, (max-width: 1300px) 100vw, 1300px\" \/><\/figure>\n\n\n\n<div class=\"wp-block-group has-global-padding is-layout-constrained wp-block-group-is-layout-constrained\">\n<p>Lizbona, Cal\u00e7ada de S\u00e3o Vicente. Tramwaj obs\u0142uguj\u0105cy najpopularniejsz\u0105 w\u015br\u00f3d turyst\u00f3w lini\u0119 28 przemierza ciasne ulice r\u00f3wnie znanej dzielnicy Alfama. 2010-09-09<\/p>\n<\/div>\n","protected":false},"excerpt":{"rendered":"<p>Lizbona, Cal\u00e7ada de S\u00e3o Vicente. Tramwaj obs\u0142uguj\u0105cy najpopularniejsz\u0105 w\u015br\u00f3d turyst\u00f3w lini\u0119 28 przemierza ciasne ulice r\u00f3wnie znanej dzielnicy Alfama. 2010-09-09<\/p>\n","protected":false},"author":1,"featured_media":13094,"comment_status":"open","ping_status":"","sticky":false,"template":"","format":"standard","meta":{"footnotes":""},"categories":[86,3],"tags":[1894,299,298,151,297,588],"class_list":["post-13093","post","type-post","status-publish","format-standard","has-post-thumbnail","hentry","category-rok-2010","category-tramwaj","tag-2010-09-09","tag-carris-lisboa","tag-lizbona","tag-ludzie","tag-portugalia","tag-remodelado"],"_links":{"self":[{"href":"http:\/\/wgphoto.pl\/t\/index.php?rest_route=\/wp\/v2\/posts\/13093","targetHints":{"allow":["GET"]}}],"collection":[{"href":"http:\/\/wgphoto.pl\/t\/index.php?rest_route=\/wp\/v2\/posts"}],"about":[{"href":"http:\/\/wgphoto.pl\/t\/index.php?rest_route=\/wp\/v2\/types\/post"}],"author":[{"embeddable":true,"href":"http:\/\/wgphoto.pl\/t\/index.php?rest_route=\/wp\/v2\/users\/1"}],"replies":[{"embeddable":true,"href":"http:\/\/wgphoto.pl\/t\/index.php?rest_route=%2Fwp%2Fv2%2Fcomments&post=13093"}],"version-history":[{"count":1,"href":"http:\/\/wgphoto.pl\/t\/index.php?rest_route=\/wp\/v2\/posts\/13093\/revisions"}],"predecessor-version":[{"id":13095,"href":"http:\/\/wgphoto.pl\/t\/index.php?rest_route=\/wp\/v2\/posts\/13093\/revisions\/13095"}],"wp:featuredmedia":[{"embeddable":true,"href":"http:\/\/wgphoto.pl\/t\/index.php?rest_route=\/wp\/v2\/media\/13094"}],"wp:attachment":[{"href":"http:\/\/wgphoto.pl\/t\/index.php?rest_route=%2Fwp%2Fv2%2Fmedia&parent=13093"}],"wp:term":[{"taxonomy":"category","embeddable":true,"href":"http:\/\/wgphoto.pl\/t\/index.php?rest_route=%2Fwp%2Fv2%2Fcategories&post=13093"},{"taxonomy":"post_tag","embeddable":true,"href":"http:\/\/wgphoto.pl\/t\/index.php?rest_route=%2Fwp%2Fv2%2Ftags&post=13093"}],"curies":[{"name":"wp","href":"https:\/\/api.w.org\/{rel}","templated":true}]}}