{"id":13143,"date":"2025-02-28T18:50:21","date_gmt":"2025-02-28T17:50:21","guid":{"rendered":"https:\/\/wgphoto.pl\/t\/?p=13143"},"modified":"2026-02-22T23:13:43","modified_gmt":"2026-02-22T22:13:43","slug":"czarna-dziura-2","status":"publish","type":"post","link":"http:\/\/wgphoto.pl\/t\/?p=13143","title":{"rendered":"Czarna dziura"},"content":{"rendered":"\n<figure class=\"wp-block-image aligncenter size-full\"><img loading=\"lazy\" decoding=\"async\" width=\"1300\" height=\"870\" src=\"https:\/\/wgphoto.pl\/t\/wp-content\/uploads\/2025\/02\/imgp8191.jpg\" alt=\"\" class=\"wp-image-13144\" srcset=\"http:\/\/wgphoto.pl\/t\/wp-content\/uploads\/2025\/02\/imgp8191.jpg 1300w, http:\/\/wgphoto.pl\/t\/wp-content\/uploads\/2025\/02\/imgp8191-300x201.jpg 300w, http:\/\/wgphoto.pl\/t\/wp-content\/uploads\/2025\/02\/imgp8191-768x514.jpg 768w\" sizes=\"auto, (max-width: 1300px) 100vw, 1300px\" \/><\/figure>\n\n\n\n<div class=\"wp-block-group has-global-padding is-layout-constrained wp-block-group-is-layout-constrained\">\n<p>Zestaw nowych siemens\u00f3w na linii U2 wtacza si\u0119 na stacj\u0119 Volkstheater. Por\u00f3wnuj\u0105c powy\u017csze foto z ostatnio prezentowanymi tunelami zauwa\u017cam jedn\u0105, zasadnicz\u0105 r\u00f3\u017cnic\u0119, kt\u00f3ra sprawia \u017ce fotografowanie wiede\u0144skiego metra pod ziemi\u0105 jest bardziej k\u0142opotliwe ni\u017c w wielu innych miastach. Podczas gdy wszystkie \u015bciany tuneli s\u0105 tam\u017ce na og\u00f3\u0142 o\u015bwietlone r\u00f3wnomiernie, w Wiedniu istnieje wyra\u017any podzia\u0142 kubatury na jasny peron (niezale\u017cnie od jego typu) oraz &#8222;czarn\u0105 dziur\u0119&#8221; z torami. W\u0142a\u015bciwie kojarz\u0119 tylko jedna stacj\u0119, gdzie sufit nad torowiskiem jest o\u015bwietlony &#8211; mowa o drugiej stacji w tym samym w\u0119\u017ale, le\u017c\u0105cej na linii U3 i ju\u017c tu zaprezentowanej. 2012-05-25<\/p>\n<\/div>\n","protected":false},"excerpt":{"rendered":"<p>Zestaw nowych siemens\u00f3w na linii U2 wtacza si\u0119 na stacj\u0119 Volkstheater. Por\u00f3wnuj\u0105c powy\u017csze foto z ostatnio prezentowanymi tunelami zauwa\u017cam jedn\u0105, zasadnicz\u0105 r\u00f3\u017cnic\u0119, kt\u00f3ra sprawia \u017ce fotografowanie wiede\u0144skiego metra pod ziemi\u0105 jest bardziej k\u0142opotliwe ni\u017c w wielu innych miastach. Podczas gdy wszystkie \u015bciany tuneli s\u0105 tam\u017ce na og\u00f3\u0142 o\u015bwietlone r\u00f3wnomiernie, w Wiedniu istnieje wyra\u017any podzia\u0142 kubatury [&hellip;]<\/p>\n","protected":false},"author":1,"featured_media":13144,"comment_status":"open","ping_status":"","sticky":false,"template":"","format":"standard","meta":{"footnotes":""},"categories":[4,46],"tags":[406,9,15,99,4679,97,98],"class_list":["post-13143","post","type-post","status-publish","format-standard","has-post-thumbnail","hentry","category-metro","category-rok-2012","tag-2012-05-25","tag-austria","tag-tunel","tag-u-bahn-wien","tag-v","tag-wieden","tag-wiener-linien"],"_links":{"self":[{"href":"http:\/\/wgphoto.pl\/t\/index.php?rest_route=\/wp\/v2\/posts\/13143","targetHints":{"allow":["GET"]}}],"collection":[{"href":"http:\/\/wgphoto.pl\/t\/index.php?rest_route=\/wp\/v2\/posts"}],"about":[{"href":"http:\/\/wgphoto.pl\/t\/index.php?rest_route=\/wp\/v2\/types\/post"}],"author":[{"embeddable":true,"href":"http:\/\/wgphoto.pl\/t\/index.php?rest_route=\/wp\/v2\/users\/1"}],"replies":[{"embeddable":true,"href":"http:\/\/wgphoto.pl\/t\/index.php?rest_route=%2Fwp%2Fv2%2Fcomments&post=13143"}],"version-history":[{"count":1,"href":"http:\/\/wgphoto.pl\/t\/index.php?rest_route=\/wp\/v2\/posts\/13143\/revisions"}],"predecessor-version":[{"id":13145,"href":"http:\/\/wgphoto.pl\/t\/index.php?rest_route=\/wp\/v2\/posts\/13143\/revisions\/13145"}],"wp:featuredmedia":[{"embeddable":true,"href":"http:\/\/wgphoto.pl\/t\/index.php?rest_route=\/wp\/v2\/media\/13144"}],"wp:attachment":[{"href":"http:\/\/wgphoto.pl\/t\/index.php?rest_route=%2Fwp%2Fv2%2Fmedia&parent=13143"}],"wp:term":[{"taxonomy":"category","embeddable":true,"href":"http:\/\/wgphoto.pl\/t\/index.php?rest_route=%2Fwp%2Fv2%2Fcategories&post=13143"},{"taxonomy":"post_tag","embeddable":true,"href":"http:\/\/wgphoto.pl\/t\/index.php?rest_route=%2Fwp%2Fv2%2Ftags&post=13143"}],"curies":[{"name":"wp","href":"https:\/\/api.w.org\/{rel}","templated":true}]}}