{"id":1321,"date":"2024-10-03T16:57:36","date_gmt":"2024-10-03T14:57:36","guid":{"rendered":"https:\/\/wgphoto.pl\/t\/?p=1321"},"modified":"2024-10-03T16:57:36","modified_gmt":"2024-10-03T14:57:36","slug":"szerokie-spojrzenie","status":"publish","type":"post","link":"http:\/\/wgphoto.pl\/t\/?p=1321","title":{"rendered":"Szerokie spojrzenie"},"content":{"rendered":"\n<figure class=\"wp-block-image aligncenter size-full\"><img loading=\"lazy\" decoding=\"async\" width=\"1200\" height=\"800\" src=\"https:\/\/wgphoto.pl\/t\/wp-content\/uploads\/2024\/10\/0406-09.jpg\" alt=\"\" class=\"wp-image-1322\" srcset=\"http:\/\/wgphoto.pl\/t\/wp-content\/uploads\/2024\/10\/0406-09.jpg 1200w, http:\/\/wgphoto.pl\/t\/wp-content\/uploads\/2024\/10\/0406-09-300x200.jpg 300w, http:\/\/wgphoto.pl\/t\/wp-content\/uploads\/2024\/10\/0406-09-768x512.jpg 768w\" sizes=\"auto, (max-width: 1200px) 100vw, 1200px\" \/><\/figure>\n\n\n\n<div class=\"wp-block-group has-global-padding is-layout-constrained wp-block-group-is-layout-constrained\">\n<p>SA102-001 jako poci\u0105g osobowy 7736 z Lubawki do Jeleniej G\u00f3ry przecina wiosenn\u0105 ziele\u0144 mi\u0119dzy B\u0142a\u017ckow\u0105 i Kamienn\u0105 G\u00f3r\u0105. 01.05.2004<\/p>\n<\/div>\n","protected":false},"excerpt":{"rendered":"<p>SA102-001 jako poci\u0105g osobowy 7736 z Lubawki do Jeleniej G\u00f3ry przecina wiosenn\u0105 ziele\u0144 mi\u0119dzy B\u0142a\u017ckow\u0105 i Kamienn\u0105 G\u00f3r\u0105. 01.05.2004<\/p>\n","protected":false},"author":1,"featured_media":1322,"comment_status":"open","ping_status":"","sticky":false,"template":"","format":"standard","meta":{"footnotes":""},"categories":[62,2,61],"tags":[625,626,114,629,173,63,27,628,627],"class_list":["post-1321","post","type-post","status-publish","format-standard","has-post-thumbnail","hentry","category-analog","category-kolej","category-rok-2004","tag-2004-05-01","tag-blazkowa","tag-gory","tag-kamienna-gora","tag-koncowki","tag-pkp","tag-polska","tag-sa102","tag-tab-pl247"],"_links":{"self":[{"href":"http:\/\/wgphoto.pl\/t\/index.php?rest_route=\/wp\/v2\/posts\/1321","targetHints":{"allow":["GET"]}}],"collection":[{"href":"http:\/\/wgphoto.pl\/t\/index.php?rest_route=\/wp\/v2\/posts"}],"about":[{"href":"http:\/\/wgphoto.pl\/t\/index.php?rest_route=\/wp\/v2\/types\/post"}],"author":[{"embeddable":true,"href":"http:\/\/wgphoto.pl\/t\/index.php?rest_route=\/wp\/v2\/users\/1"}],"replies":[{"embeddable":true,"href":"http:\/\/wgphoto.pl\/t\/index.php?rest_route=%2Fwp%2Fv2%2Fcomments&post=1321"}],"version-history":[{"count":1,"href":"http:\/\/wgphoto.pl\/t\/index.php?rest_route=\/wp\/v2\/posts\/1321\/revisions"}],"predecessor-version":[{"id":1323,"href":"http:\/\/wgphoto.pl\/t\/index.php?rest_route=\/wp\/v2\/posts\/1321\/revisions\/1323"}],"wp:featuredmedia":[{"embeddable":true,"href":"http:\/\/wgphoto.pl\/t\/index.php?rest_route=\/wp\/v2\/media\/1322"}],"wp:attachment":[{"href":"http:\/\/wgphoto.pl\/t\/index.php?rest_route=%2Fwp%2Fv2%2Fmedia&parent=1321"}],"wp:term":[{"taxonomy":"category","embeddable":true,"href":"http:\/\/wgphoto.pl\/t\/index.php?rest_route=%2Fwp%2Fv2%2Fcategories&post=1321"},{"taxonomy":"post_tag","embeddable":true,"href":"http:\/\/wgphoto.pl\/t\/index.php?rest_route=%2Fwp%2Fv2%2Ftags&post=1321"}],"curies":[{"name":"wp","href":"https:\/\/api.w.org\/{rel}","templated":true}]}}