{"id":13233,"date":"2025-03-01T09:43:13","date_gmt":"2025-03-01T08:43:13","guid":{"rendered":"https:\/\/wgphoto.pl\/t\/?p=13233"},"modified":"2025-03-01T09:43:13","modified_gmt":"2025-03-01T08:43:13","slug":"tunel-53-sloneczny","status":"publish","type":"post","link":"http:\/\/wgphoto.pl\/t\/?p=13233","title":{"rendered":"Tunel 53 s\u0142oneczny"},"content":{"rendered":"\n<figure class=\"wp-block-image aligncenter size-full\"><img loading=\"lazy\" decoding=\"async\" width=\"1024\" height=\"685\" src=\"https:\/\/wgphoto.pl\/t\/wp-content\/uploads\/2025\/03\/imgp2989-1.jpg\" alt=\"\" class=\"wp-image-13235\" srcset=\"http:\/\/wgphoto.pl\/t\/wp-content\/uploads\/2025\/03\/imgp2989-1.jpg 1024w, http:\/\/wgphoto.pl\/t\/wp-content\/uploads\/2025\/03\/imgp2989-1-300x201.jpg 300w, http:\/\/wgphoto.pl\/t\/wp-content\/uploads\/2025\/03\/imgp2989-1-768x514.jpg 768w\" sizes=\"auto, (max-width: 1024px) 100vw, 1024px\" \/><\/figure>\n\n\n\n<div class=\"wp-block-group has-global-padding is-layout-constrained wp-block-group-is-layout-constrained\">\n<p>M31 332 wyje\u017cd\u017ca z tunelu nr 53 by za moment zatrzyma\u0107 si\u0119 na przystanku Teleskopgatan. 20.08.2011<\/p>\n<\/div>\n","protected":false},"excerpt":{"rendered":"<p>M31 332 wyje\u017cd\u017ca z tunelu nr 53 by za moment zatrzyma\u0107 si\u0119 na przystanku Teleskopgatan. 20.08.2011<\/p>\n","protected":false},"author":1,"featured_media":13235,"comment_status":"open","ping_status":"","sticky":false,"template":"","format":"standard","meta":{"footnotes":""},"categories":[77,3],"tags":[1592,1591,1594,1593,244,685,15],"class_list":["post-13233","post","type-post","status-publish","format-standard","has-post-thumbnail","hentry","category-rok-2011","category-tramwaj","tag-2011-08-20","tag-goteborg","tag-gs-goteborg","tag-m31","tag-skaly","tag-szwecja","tag-tunel"],"_links":{"self":[{"href":"http:\/\/wgphoto.pl\/t\/index.php?rest_route=\/wp\/v2\/posts\/13233","targetHints":{"allow":["GET"]}}],"collection":[{"href":"http:\/\/wgphoto.pl\/t\/index.php?rest_route=\/wp\/v2\/posts"}],"about":[{"href":"http:\/\/wgphoto.pl\/t\/index.php?rest_route=\/wp\/v2\/types\/post"}],"author":[{"embeddable":true,"href":"http:\/\/wgphoto.pl\/t\/index.php?rest_route=\/wp\/v2\/users\/1"}],"replies":[{"embeddable":true,"href":"http:\/\/wgphoto.pl\/t\/index.php?rest_route=%2Fwp%2Fv2%2Fcomments&post=13233"}],"version-history":[{"count":1,"href":"http:\/\/wgphoto.pl\/t\/index.php?rest_route=\/wp\/v2\/posts\/13233\/revisions"}],"predecessor-version":[{"id":13236,"href":"http:\/\/wgphoto.pl\/t\/index.php?rest_route=\/wp\/v2\/posts\/13233\/revisions\/13236"}],"wp:featuredmedia":[{"embeddable":true,"href":"http:\/\/wgphoto.pl\/t\/index.php?rest_route=\/wp\/v2\/media\/13235"}],"wp:attachment":[{"href":"http:\/\/wgphoto.pl\/t\/index.php?rest_route=%2Fwp%2Fv2%2Fmedia&parent=13233"}],"wp:term":[{"taxonomy":"category","embeddable":true,"href":"http:\/\/wgphoto.pl\/t\/index.php?rest_route=%2Fwp%2Fv2%2Fcategories&post=13233"},{"taxonomy":"post_tag","embeddable":true,"href":"http:\/\/wgphoto.pl\/t\/index.php?rest_route=%2Fwp%2Fv2%2Ftags&post=13233"}],"curies":[{"name":"wp","href":"https:\/\/api.w.org\/{rel}","templated":true}]}}