{"id":13360,"date":"2025-03-02T19:57:59","date_gmt":"2025-03-02T18:57:59","guid":{"rendered":"https:\/\/wgphoto.pl\/t\/?p=13360"},"modified":"2025-03-02T19:57:59","modified_gmt":"2025-03-02T18:57:59","slug":"przyjazd-do-stupna","status":"publish","type":"post","link":"http:\/\/wgphoto.pl\/t\/?p=13360","title":{"rendered":"Przyjazd do Stupna"},"content":{"rendered":"\n<figure class=\"wp-block-image aligncenter size-full\"><img loading=\"lazy\" decoding=\"async\" width=\"1024\" height=\"686\" src=\"https:\/\/wgphoto.pl\/t\/wp-content\/uploads\/2025\/03\/imgp9512-12.jpg\" alt=\"\" class=\"wp-image-13361\" srcset=\"http:\/\/wgphoto.pl\/t\/wp-content\/uploads\/2025\/03\/imgp9512-12.jpg 1024w, http:\/\/wgphoto.pl\/t\/wp-content\/uploads\/2025\/03\/imgp9512-12-300x201.jpg 300w, http:\/\/wgphoto.pl\/t\/wp-content\/uploads\/2025\/03\/imgp9512-12-768x515.jpg 768w\" sizes=\"auto, (max-width: 1024px) 100vw, 1024px\" \/><\/figure>\n\n\n\n<div class=\"wp-block-group has-global-padding is-layout-constrained wp-block-group-is-layout-constrained\">\n<p>810 306-1 jako poc. 17809 rel. Radnice &#8211; Chr\u00e1st u Plzn\u011b zatrzymuje si\u0119 w Stupnie. Stupno, le\u017c\u0105ce na 17-kilometrowej trasie z Chr\u00e1stu k. Pilzna do Radnic, jest kolejn\u0105 stacj\u0105 po\u015bredni\u0105 na mapie czeskich lokalek, gdzie wszystkie poci\u0105gi zmieniaj\u0105 kierunek jazdy. 16.09.2012<\/p>\n<\/div>\n","protected":false},"excerpt":{"rendered":"<p>810 306-1 jako poc. 17809 rel. Radnice &#8211; Chr\u00e1st u Plzn\u011b zatrzymuje si\u0119 w Stupnie. Stupno, le\u017c\u0105ce na 17-kilometrowej trasie z Chr\u00e1stu k. Pilzna do Radnic, jest kolejn\u0105 stacj\u0105 po\u015bredni\u0105 na mapie czeskich lokalek, gdzie wszystkie poci\u0105gi zmieniaj\u0105 kierunek jazdy. 16.09.2012<\/p>\n","protected":false},"author":1,"featured_media":13361,"comment_status":"open","ping_status":"","sticky":false,"template":"","format":"standard","meta":{"footnotes":""},"categories":[2,46],"tags":[3322,92,50,49,196,94,176,3321,3320],"class_list":["post-13360","post","type-post","status-publish","format-standard","has-post-thumbnail","hentry","category-kolej","category-rok-2012","tag-2012-09-16","tag-92","tag-cd","tag-czechy","tag-linie-raczej-lokalne","tag-na-kolejowym-koncu-swiata","tag-rano","tag-stupno","tag-tab-cz176"],"_links":{"self":[{"href":"http:\/\/wgphoto.pl\/t\/index.php?rest_route=\/wp\/v2\/posts\/13360","targetHints":{"allow":["GET"]}}],"collection":[{"href":"http:\/\/wgphoto.pl\/t\/index.php?rest_route=\/wp\/v2\/posts"}],"about":[{"href":"http:\/\/wgphoto.pl\/t\/index.php?rest_route=\/wp\/v2\/types\/post"}],"author":[{"embeddable":true,"href":"http:\/\/wgphoto.pl\/t\/index.php?rest_route=\/wp\/v2\/users\/1"}],"replies":[{"embeddable":true,"href":"http:\/\/wgphoto.pl\/t\/index.php?rest_route=%2Fwp%2Fv2%2Fcomments&post=13360"}],"version-history":[{"count":1,"href":"http:\/\/wgphoto.pl\/t\/index.php?rest_route=\/wp\/v2\/posts\/13360\/revisions"}],"predecessor-version":[{"id":13362,"href":"http:\/\/wgphoto.pl\/t\/index.php?rest_route=\/wp\/v2\/posts\/13360\/revisions\/13362"}],"wp:featuredmedia":[{"embeddable":true,"href":"http:\/\/wgphoto.pl\/t\/index.php?rest_route=\/wp\/v2\/media\/13361"}],"wp:attachment":[{"href":"http:\/\/wgphoto.pl\/t\/index.php?rest_route=%2Fwp%2Fv2%2Fmedia&parent=13360"}],"wp:term":[{"taxonomy":"category","embeddable":true,"href":"http:\/\/wgphoto.pl\/t\/index.php?rest_route=%2Fwp%2Fv2%2Fcategories&post=13360"},{"taxonomy":"post_tag","embeddable":true,"href":"http:\/\/wgphoto.pl\/t\/index.php?rest_route=%2Fwp%2Fv2%2Ftags&post=13360"}],"curies":[{"name":"wp","href":"https:\/\/api.w.org\/{rel}","templated":true}]}}