{"id":13369,"date":"2025-03-02T20:01:12","date_gmt":"2025-03-02T19:01:12","guid":{"rendered":"https:\/\/wgphoto.pl\/t\/?p=13369"},"modified":"2025-03-02T20:01:12","modified_gmt":"2025-03-02T19:01:12","slug":"wyjazd-podany","status":"publish","type":"post","link":"http:\/\/wgphoto.pl\/t\/?p=13369","title":{"rendered":"Wyjazd podany"},"content":{"rendered":"\n<figure class=\"wp-block-image aligncenter size-full\"><img loading=\"lazy\" decoding=\"async\" width=\"1200\" height=\"803\" src=\"https:\/\/wgphoto.pl\/t\/wp-content\/uploads\/2025\/03\/imgp9913.jpg\" alt=\"\" class=\"wp-image-13370\" srcset=\"http:\/\/wgphoto.pl\/t\/wp-content\/uploads\/2025\/03\/imgp9913.jpg 1200w, http:\/\/wgphoto.pl\/t\/wp-content\/uploads\/2025\/03\/imgp9913-300x201.jpg 300w, http:\/\/wgphoto.pl\/t\/wp-content\/uploads\/2025\/03\/imgp9913-768x514.jpg 768w\" sizes=\"auto, (max-width: 1200px) 100vw, 1200px\" \/><\/figure>\n\n\n\n<div class=\"wp-block-group has-global-padding is-layout-constrained wp-block-group-is-layout-constrained\">\n<p>Senny poranek w Mezim\u011bst\u00ed. 810 448-1 w chwil\u0119 przed odjazdem jako poci\u0105g 5100 do Broumova. Torem kieruj\u0105cym si\u0119 ciasnym \u0142ukiem na prawo wyje\u017cd\u017caj\u0105 poci\u0105gi wyruszaj\u0105ce z tego w\u0119z\u0142a najwa\u017cniejsz\u0105 obecnie tras\u0105 &#8211; wg\u0142\u0105b Czech, w stron\u0119 T\u00fdni\u0161t\u011b nad Orlic\u00ed. Przelot przez stacj\u0119 &#8222;na wprost&#8221; ma obecnie marginalne znaczenie, \u0142\u0105czy bowiem \u015blep\u0105 odnog\u0119 do Broumova i Otovic (niegdy\u015b &#8211; do \u015acinawki \u015aredniej) z tras\u0105 do Wa\u0142brzycha. 13.10.2012<\/p>\n<\/div>\n","protected":false},"excerpt":{"rendered":"<p>Senny poranek w Mezim\u011bst\u00ed. 810 448-1 w chwil\u0119 przed odjazdem jako poci\u0105g 5100 do Broumova. Torem kieruj\u0105cym si\u0119 ciasnym \u0142ukiem na prawo wyje\u017cd\u017caj\u0105 poci\u0105gi wyruszaj\u0105ce z tego w\u0119z\u0142a najwa\u017cniejsz\u0105 obecnie tras\u0105 &#8211; wg\u0142\u0105b Czech, w stron\u0119 T\u00fdni\u0161t\u011b nad Orlic\u00ed. Przelot przez stacj\u0119 &#8222;na wprost&#8221; ma obecnie marginalne znaczenie, \u0142\u0105czy bowiem \u015blep\u0105 odnog\u0119 do Broumova i [&hellip;]<\/p>\n","protected":false},"author":1,"featured_media":13370,"comment_status":"open","ping_status":"","sticky":false,"template":"","format":"standard","meta":{"footnotes":""},"categories":[2,46],"tags":[1870,92,91,50,49,173,495,176,1720],"class_list":["post-13369","post","type-post","status-publish","format-standard","has-post-thumbnail","hentry","category-kolej","category-rok-2012","tag-2012-10-13","tag-92","tag-blue-hour","tag-cd","tag-czechy","tag-koncowki","tag-mezimesti","tag-rano","tag-tab-cz026"],"_links":{"self":[{"href":"http:\/\/wgphoto.pl\/t\/index.php?rest_route=\/wp\/v2\/posts\/13369","targetHints":{"allow":["GET"]}}],"collection":[{"href":"http:\/\/wgphoto.pl\/t\/index.php?rest_route=\/wp\/v2\/posts"}],"about":[{"href":"http:\/\/wgphoto.pl\/t\/index.php?rest_route=\/wp\/v2\/types\/post"}],"author":[{"embeddable":true,"href":"http:\/\/wgphoto.pl\/t\/index.php?rest_route=\/wp\/v2\/users\/1"}],"replies":[{"embeddable":true,"href":"http:\/\/wgphoto.pl\/t\/index.php?rest_route=%2Fwp%2Fv2%2Fcomments&post=13369"}],"version-history":[{"count":1,"href":"http:\/\/wgphoto.pl\/t\/index.php?rest_route=\/wp\/v2\/posts\/13369\/revisions"}],"predecessor-version":[{"id":13371,"href":"http:\/\/wgphoto.pl\/t\/index.php?rest_route=\/wp\/v2\/posts\/13369\/revisions\/13371"}],"wp:featuredmedia":[{"embeddable":true,"href":"http:\/\/wgphoto.pl\/t\/index.php?rest_route=\/wp\/v2\/media\/13370"}],"wp:attachment":[{"href":"http:\/\/wgphoto.pl\/t\/index.php?rest_route=%2Fwp%2Fv2%2Fmedia&parent=13369"}],"wp:term":[{"taxonomy":"category","embeddable":true,"href":"http:\/\/wgphoto.pl\/t\/index.php?rest_route=%2Fwp%2Fv2%2Fcategories&post=13369"},{"taxonomy":"post_tag","embeddable":true,"href":"http:\/\/wgphoto.pl\/t\/index.php?rest_route=%2Fwp%2Fv2%2Ftags&post=13369"}],"curies":[{"name":"wp","href":"https:\/\/api.w.org\/{rel}","templated":true}]}}