{"id":13372,"date":"2025-03-02T20:32:20","date_gmt":"2025-03-02T19:32:20","guid":{"rendered":"https:\/\/wgphoto.pl\/t\/?p=13372"},"modified":"2025-03-02T20:32:20","modified_gmt":"2025-03-02T19:32:20","slug":"kyjov-w-cieniu","status":"publish","type":"post","link":"http:\/\/wgphoto.pl\/t\/?p=13372","title":{"rendered":"Kyjov w cieniu"},"content":{"rendered":"\n<figure class=\"wp-block-image aligncenter size-full\"><img loading=\"lazy\" decoding=\"async\" width=\"1300\" height=\"870\" src=\"https:\/\/wgphoto.pl\/t\/wp-content\/uploads\/2025\/03\/imgp7467.jpg\" alt=\"\" class=\"wp-image-13373\" srcset=\"http:\/\/wgphoto.pl\/t\/wp-content\/uploads\/2025\/03\/imgp7467.jpg 1300w, http:\/\/wgphoto.pl\/t\/wp-content\/uploads\/2025\/03\/imgp7467-300x201.jpg 300w, http:\/\/wgphoto.pl\/t\/wp-content\/uploads\/2025\/03\/imgp7467-768x514.jpg 768w\" sizes=\"auto, (max-width: 1300px) 100vw, 1300px\" \/><\/figure>\n\n\n\n<div class=\"wp-block-group has-global-padding is-layout-constrained wp-block-group-is-layout-constrained\">\n<p>754 044-6 z poci\u0105giem osobowym 4106 relacji Vesel\u00ed nad Moravou &#8211; Brno hl.n. wje\u017cd\u017ca na stacj\u0119 w Kyjovie. 2009-07-21<\/p>\n<\/div>\n","protected":false},"excerpt":{"rendered":"<p>754 044-6 z poci\u0105giem osobowym 4106 relacji Vesel\u00ed nad Moravou &#8211; Brno hl.n. wje\u017cd\u017ca na stacj\u0119 w Kyjovie. 2009-07-21<\/p>\n","protected":false},"author":1,"featured_media":13373,"comment_status":"open","ping_status":"","sticky":false,"template":"","format":"standard","meta":{"footnotes":""},"categories":[2,169],"tags":[1244,335,50,49,334,176,53,336],"class_list":["post-13372","post","type-post","status-publish","format-standard","has-post-thumbnail","hentry","category-kolej","category-rok-2009","tag-2009-07-21","tag-335","tag-cd","tag-czechy","tag-kyjov","tag-rano","tag-sygnalizacja-ksztaltowa","tag-tab-cz340"],"_links":{"self":[{"href":"http:\/\/wgphoto.pl\/t\/index.php?rest_route=\/wp\/v2\/posts\/13372","targetHints":{"allow":["GET"]}}],"collection":[{"href":"http:\/\/wgphoto.pl\/t\/index.php?rest_route=\/wp\/v2\/posts"}],"about":[{"href":"http:\/\/wgphoto.pl\/t\/index.php?rest_route=\/wp\/v2\/types\/post"}],"author":[{"embeddable":true,"href":"http:\/\/wgphoto.pl\/t\/index.php?rest_route=\/wp\/v2\/users\/1"}],"replies":[{"embeddable":true,"href":"http:\/\/wgphoto.pl\/t\/index.php?rest_route=%2Fwp%2Fv2%2Fcomments&post=13372"}],"version-history":[{"count":1,"href":"http:\/\/wgphoto.pl\/t\/index.php?rest_route=\/wp\/v2\/posts\/13372\/revisions"}],"predecessor-version":[{"id":13374,"href":"http:\/\/wgphoto.pl\/t\/index.php?rest_route=\/wp\/v2\/posts\/13372\/revisions\/13374"}],"wp:featuredmedia":[{"embeddable":true,"href":"http:\/\/wgphoto.pl\/t\/index.php?rest_route=\/wp\/v2\/media\/13373"}],"wp:attachment":[{"href":"http:\/\/wgphoto.pl\/t\/index.php?rest_route=%2Fwp%2Fv2%2Fmedia&parent=13372"}],"wp:term":[{"taxonomy":"category","embeddable":true,"href":"http:\/\/wgphoto.pl\/t\/index.php?rest_route=%2Fwp%2Fv2%2Fcategories&post=13372"},{"taxonomy":"post_tag","embeddable":true,"href":"http:\/\/wgphoto.pl\/t\/index.php?rest_route=%2Fwp%2Fv2%2Ftags&post=13372"}],"curies":[{"name":"wp","href":"https:\/\/api.w.org\/{rel}","templated":true}]}}