{"id":13375,"date":"2025-03-02T20:33:12","date_gmt":"2025-03-02T19:33:12","guid":{"rendered":"https:\/\/wgphoto.pl\/t\/?p=13375"},"modified":"2025-03-02T20:33:12","modified_gmt":"2025-03-02T19:33:12","slug":"kyjov-w-sloncu-15-minut-pozniej","status":"publish","type":"post","link":"http:\/\/wgphoto.pl\/t\/?p=13375","title":{"rendered":"Kyjov w s\u0142o\u0144cu (15 minut p\u00f3\u017aniej)"},"content":{"rendered":"\n<figure class=\"wp-block-image aligncenter size-full\"><img loading=\"lazy\" decoding=\"async\" width=\"1024\" height=\"683\" src=\"https:\/\/wgphoto.pl\/t\/wp-content\/uploads\/2025\/03\/imgp7475.jpg\" alt=\"\" class=\"wp-image-13376\" srcset=\"http:\/\/wgphoto.pl\/t\/wp-content\/uploads\/2025\/03\/imgp7475.jpg 1024w, http:\/\/wgphoto.pl\/t\/wp-content\/uploads\/2025\/03\/imgp7475-300x200.jpg 300w, http:\/\/wgphoto.pl\/t\/wp-content\/uploads\/2025\/03\/imgp7475-768x512.jpg 768w\" sizes=\"auto, (max-width: 1024px) 100vw, 1024px\" \/><\/figure>\n\n\n\n<div class=\"wp-block-group has-global-padding is-layout-constrained wp-block-group-is-layout-constrained\">\n<p>Kyjov. 809 358-5 jako poci\u0105g osobowy 4169 do Vesel\u00ed nad Moravou o\u015bwietlany promieniami porannego s\u0142o\u0144ca opuszcza stacj\u0119 pocz\u0105tkow\u0105. 21.07.2009<\/p>\n<\/div>\n","protected":false},"excerpt":{"rendered":"<p>Kyjov. 809 358-5 jako poci\u0105g osobowy 4169 do Vesel\u00ed nad Moravou o\u015bwietlany promieniami porannego s\u0142o\u0144ca opuszcza stacj\u0119 pocz\u0105tkow\u0105. 21.07.2009<\/p>\n","protected":false},"author":1,"featured_media":13376,"comment_status":"open","ping_status":"","sticky":false,"template":"","format":"standard","meta":{"footnotes":""},"categories":[2,169],"tags":[1244,1229,50,49,334,176,53,336],"class_list":["post-13375","post","type-post","status-publish","format-standard","has-post-thumbnail","hentry","category-kolej","category-rok-2009","tag-2009-07-21","tag-1229","tag-cd","tag-czechy","tag-kyjov","tag-rano","tag-sygnalizacja-ksztaltowa","tag-tab-cz340"],"_links":{"self":[{"href":"http:\/\/wgphoto.pl\/t\/index.php?rest_route=\/wp\/v2\/posts\/13375","targetHints":{"allow":["GET"]}}],"collection":[{"href":"http:\/\/wgphoto.pl\/t\/index.php?rest_route=\/wp\/v2\/posts"}],"about":[{"href":"http:\/\/wgphoto.pl\/t\/index.php?rest_route=\/wp\/v2\/types\/post"}],"author":[{"embeddable":true,"href":"http:\/\/wgphoto.pl\/t\/index.php?rest_route=\/wp\/v2\/users\/1"}],"replies":[{"embeddable":true,"href":"http:\/\/wgphoto.pl\/t\/index.php?rest_route=%2Fwp%2Fv2%2Fcomments&post=13375"}],"version-history":[{"count":1,"href":"http:\/\/wgphoto.pl\/t\/index.php?rest_route=\/wp\/v2\/posts\/13375\/revisions"}],"predecessor-version":[{"id":13377,"href":"http:\/\/wgphoto.pl\/t\/index.php?rest_route=\/wp\/v2\/posts\/13375\/revisions\/13377"}],"wp:featuredmedia":[{"embeddable":true,"href":"http:\/\/wgphoto.pl\/t\/index.php?rest_route=\/wp\/v2\/media\/13376"}],"wp:attachment":[{"href":"http:\/\/wgphoto.pl\/t\/index.php?rest_route=%2Fwp%2Fv2%2Fmedia&parent=13375"}],"wp:term":[{"taxonomy":"category","embeddable":true,"href":"http:\/\/wgphoto.pl\/t\/index.php?rest_route=%2Fwp%2Fv2%2Fcategories&post=13375"},{"taxonomy":"post_tag","embeddable":true,"href":"http:\/\/wgphoto.pl\/t\/index.php?rest_route=%2Fwp%2Fv2%2Ftags&post=13375"}],"curies":[{"name":"wp","href":"https:\/\/api.w.org\/{rel}","templated":true}]}}