{"id":13378,"date":"2025-03-02T20:34:08","date_gmt":"2025-03-02T19:34:08","guid":{"rendered":"https:\/\/wgphoto.pl\/t\/?p=13378"},"modified":"2025-03-02T20:34:08","modified_gmt":"2025-03-02T19:34:08","slug":"hevlin","status":"publish","type":"post","link":"http:\/\/wgphoto.pl\/t\/?p=13378","title":{"rendered":"Hevl\u00edn"},"content":{"rendered":"\n<figure class=\"wp-block-image aligncenter size-full\"><img loading=\"lazy\" decoding=\"async\" width=\"600\" height=\"851\" src=\"https:\/\/wgphoto.pl\/t\/wp-content\/uploads\/2025\/03\/imgp7758.jpg\" alt=\"\" class=\"wp-image-13379\" srcset=\"http:\/\/wgphoto.pl\/t\/wp-content\/uploads\/2025\/03\/imgp7758.jpg 600w, http:\/\/wgphoto.pl\/t\/wp-content\/uploads\/2025\/03\/imgp7758-212x300.jpg 212w\" sizes=\"auto, (max-width: 600px) 100vw, 600px\" \/><\/figure>\n\n\n\n<div class=\"wp-block-group has-global-padding is-layout-constrained wp-block-group-is-layout-constrained\">\n<p>Hevl\u00edn. 810 222-0 jako poc. 24515 do Hru\u0161ovan nad Jevi\u0161ovkou oczekuje pory odjazdu z niewielkiej miejscowo\u015bci, po\u0142o\u017conej pod granic\u0105 austriack\u0105. Lokalka zabita dechami, obecnie ju\u017c zreszt\u0105 nieczynna w ruchu pasa\u017cerskim, ale gablota z tabelarycznymi rozk\u0142adami jazdy dla okolicznych tras musi by\u0107. 22.07.2009<\/p>\n<\/div>\n","protected":false},"excerpt":{"rendered":"<p>Hevl\u00edn. 810 222-0 jako poc. 24515 do Hru\u0161ovan nad Jevi\u0161ovkou oczekuje pory odjazdu z niewielkiej miejscowo\u015bci, po\u0142o\u017conej pod granic\u0105 austriack\u0105. Lokalka zabita dechami, obecnie ju\u017c zreszt\u0105 nieczynna w ruchu pasa\u017cerskim, ale gablota z tabelarycznymi rozk\u0142adami jazdy dla okolicznych tras musi by\u0107. 22.07.2009<\/p>\n","protected":false},"author":1,"featured_media":13379,"comment_status":"open","ping_status":"","sticky":false,"template":"","format":"standard","meta":{"footnotes":""},"categories":[2,128,169],"tags":[340,92,50,49,3324,94,24,3325],"class_list":["post-13378","post","type-post","status-publish","format-standard","has-post-thumbnail","hentry","category-kolej","category-pionowe","category-rok-2009","tag-2009-07-22","tag-92","tag-cd","tag-czechy","tag-hevlin","tag-na-kolejowym-koncu-swiata","tag-perony","tag-tab-cz245"],"_links":{"self":[{"href":"http:\/\/wgphoto.pl\/t\/index.php?rest_route=\/wp\/v2\/posts\/13378","targetHints":{"allow":["GET"]}}],"collection":[{"href":"http:\/\/wgphoto.pl\/t\/index.php?rest_route=\/wp\/v2\/posts"}],"about":[{"href":"http:\/\/wgphoto.pl\/t\/index.php?rest_route=\/wp\/v2\/types\/post"}],"author":[{"embeddable":true,"href":"http:\/\/wgphoto.pl\/t\/index.php?rest_route=\/wp\/v2\/users\/1"}],"replies":[{"embeddable":true,"href":"http:\/\/wgphoto.pl\/t\/index.php?rest_route=%2Fwp%2Fv2%2Fcomments&post=13378"}],"version-history":[{"count":1,"href":"http:\/\/wgphoto.pl\/t\/index.php?rest_route=\/wp\/v2\/posts\/13378\/revisions"}],"predecessor-version":[{"id":13380,"href":"http:\/\/wgphoto.pl\/t\/index.php?rest_route=\/wp\/v2\/posts\/13378\/revisions\/13380"}],"wp:featuredmedia":[{"embeddable":true,"href":"http:\/\/wgphoto.pl\/t\/index.php?rest_route=\/wp\/v2\/media\/13379"}],"wp:attachment":[{"href":"http:\/\/wgphoto.pl\/t\/index.php?rest_route=%2Fwp%2Fv2%2Fmedia&parent=13378"}],"wp:term":[{"taxonomy":"category","embeddable":true,"href":"http:\/\/wgphoto.pl\/t\/index.php?rest_route=%2Fwp%2Fv2%2Fcategories&post=13378"},{"taxonomy":"post_tag","embeddable":true,"href":"http:\/\/wgphoto.pl\/t\/index.php?rest_route=%2Fwp%2Fv2%2Ftags&post=13378"}],"curies":[{"name":"wp","href":"https:\/\/api.w.org\/{rel}","templated":true}]}}