{"id":13381,"date":"2025-03-02T20:35:04","date_gmt":"2025-03-02T19:35:04","guid":{"rendered":"https:\/\/wgphoto.pl\/t\/?p=13381"},"modified":"2025-03-02T20:35:04","modified_gmt":"2025-03-02T19:35:04","slug":"tor-do-austrii","status":"publish","type":"post","link":"http:\/\/wgphoto.pl\/t\/?p=13381","title":{"rendered":"Tor do Austrii"},"content":{"rendered":"\n<figure class=\"wp-block-image aligncenter size-full\"><img loading=\"lazy\" decoding=\"async\" width=\"600\" height=\"850\" src=\"https:\/\/wgphoto.pl\/t\/wp-content\/uploads\/2025\/03\/imgp7753.jpg\" alt=\"\" class=\"wp-image-13382\" srcset=\"http:\/\/wgphoto.pl\/t\/wp-content\/uploads\/2025\/03\/imgp7753.jpg 600w, http:\/\/wgphoto.pl\/t\/wp-content\/uploads\/2025\/03\/imgp7753-212x300.jpg 212w\" sizes=\"auto, (max-width: 600px) 100vw, 600px\" \/><\/figure>\n\n\n\n<div class=\"wp-block-group has-global-padding is-layout-constrained wp-block-group-is-layout-constrained\">\n<p>Hevl\u00edn. Par\u0119 metr\u00f3w za plecami fotografuj\u0105cego tor si\u0119 ko\u0144czy, lecz dwa kilometry dalej, w Laa an der Thaya, zn\u00f3w mo\u017cna wsi\u0105\u015b\u0107 do poci\u0105gu. 22.07.2009<\/p>\n<\/div>\n","protected":false},"excerpt":{"rendered":"<p>Hevl\u00edn. Par\u0119 metr\u00f3w za plecami fotografuj\u0105cego tor si\u0119 ko\u0144czy, lecz dwa kilometry dalej, w Laa an der Thaya, zn\u00f3w mo\u017cna wsi\u0105\u015b\u0107 do poci\u0105gu. 22.07.2009<\/p>\n","protected":false},"author":1,"featured_media":13382,"comment_status":"open","ping_status":"","sticky":false,"template":"","format":"standard","meta":{"footnotes":""},"categories":[2,128,169],"tags":[340,92,50,49,3324,94,3325],"class_list":["post-13381","post","type-post","status-publish","format-standard","has-post-thumbnail","hentry","category-kolej","category-pionowe","category-rok-2009","tag-2009-07-22","tag-92","tag-cd","tag-czechy","tag-hevlin","tag-na-kolejowym-koncu-swiata","tag-tab-cz245"],"_links":{"self":[{"href":"http:\/\/wgphoto.pl\/t\/index.php?rest_route=\/wp\/v2\/posts\/13381","targetHints":{"allow":["GET"]}}],"collection":[{"href":"http:\/\/wgphoto.pl\/t\/index.php?rest_route=\/wp\/v2\/posts"}],"about":[{"href":"http:\/\/wgphoto.pl\/t\/index.php?rest_route=\/wp\/v2\/types\/post"}],"author":[{"embeddable":true,"href":"http:\/\/wgphoto.pl\/t\/index.php?rest_route=\/wp\/v2\/users\/1"}],"replies":[{"embeddable":true,"href":"http:\/\/wgphoto.pl\/t\/index.php?rest_route=%2Fwp%2Fv2%2Fcomments&post=13381"}],"version-history":[{"count":1,"href":"http:\/\/wgphoto.pl\/t\/index.php?rest_route=\/wp\/v2\/posts\/13381\/revisions"}],"predecessor-version":[{"id":13383,"href":"http:\/\/wgphoto.pl\/t\/index.php?rest_route=\/wp\/v2\/posts\/13381\/revisions\/13383"}],"wp:featuredmedia":[{"embeddable":true,"href":"http:\/\/wgphoto.pl\/t\/index.php?rest_route=\/wp\/v2\/media\/13382"}],"wp:attachment":[{"href":"http:\/\/wgphoto.pl\/t\/index.php?rest_route=%2Fwp%2Fv2%2Fmedia&parent=13381"}],"wp:term":[{"taxonomy":"category","embeddable":true,"href":"http:\/\/wgphoto.pl\/t\/index.php?rest_route=%2Fwp%2Fv2%2Fcategories&post=13381"},{"taxonomy":"post_tag","embeddable":true,"href":"http:\/\/wgphoto.pl\/t\/index.php?rest_route=%2Fwp%2Fv2%2Ftags&post=13381"}],"curies":[{"name":"wp","href":"https:\/\/api.w.org\/{rel}","templated":true}]}}