{"id":13393,"date":"2025-03-02T20:39:29","date_gmt":"2025-03-02T19:39:29","guid":{"rendered":"https:\/\/wgphoto.pl\/t\/?p=13393"},"modified":"2025-03-02T20:39:29","modified_gmt":"2025-03-02T19:39:29","slug":"nad-dzika-orlica","status":"publish","type":"post","link":"http:\/\/wgphoto.pl\/t\/?p=13393","title":{"rendered":"Nad Dzik\u0105 Orlic\u0105"},"content":{"rendered":"\n<figure class=\"wp-block-image aligncenter size-full\"><img loading=\"lazy\" decoding=\"async\" width=\"1024\" height=\"685\" src=\"https:\/\/wgphoto.pl\/t\/wp-content\/uploads\/2025\/03\/imgp0363-09.jpg\" alt=\"\" class=\"wp-image-13394\" srcset=\"http:\/\/wgphoto.pl\/t\/wp-content\/uploads\/2025\/03\/imgp0363-09.jpg 1024w, http:\/\/wgphoto.pl\/t\/wp-content\/uploads\/2025\/03\/imgp0363-09-300x201.jpg 300w, http:\/\/wgphoto.pl\/t\/wp-content\/uploads\/2025\/03\/imgp0363-09-768x514.jpg 768w\" sizes=\"auto, (max-width: 1024px) 100vw, 1024px\" \/><\/figure>\n\n\n\n<div class=\"wp-block-group has-global-padding is-layout-constrained wp-block-group-is-layout-constrained\">\n<p>754 061-0 z poc. posp. 795 rel. Praha-Sm\u00edchov &#8211; Letohrad odje\u017cd\u017ca z Doudleb po\u0142o\u017conych, jak wida\u0107, nad Orlic\u0105. 25.10.2009<\/p>\n<\/div>\n","protected":false},"excerpt":{"rendered":"<p>754 061-0 z poc. posp. 795 rel. Praha-Sm\u00edchov &#8211; Letohrad odje\u017cd\u017ca z Doudleb po\u0142o\u017conych, jak wida\u0107, nad Orlic\u0105. 25.10.2009<\/p>\n","protected":false},"author":1,"featured_media":13394,"comment_status":"open","ping_status":"","sticky":false,"template":"","format":"standard","meta":{"footnotes":""},"categories":[2,169],"tags":[1412,335,50,49,3328,73,1841],"class_list":["post-13393","post","type-post","status-publish","format-standard","has-post-thumbnail","hentry","category-kolej","category-rok-2009","tag-2009-10-25","tag-335","tag-cd","tag-czechy","tag-doudleby-nad-orlici","tag-rzeka","tag-tab-cz021"],"_links":{"self":[{"href":"http:\/\/wgphoto.pl\/t\/index.php?rest_route=\/wp\/v2\/posts\/13393","targetHints":{"allow":["GET"]}}],"collection":[{"href":"http:\/\/wgphoto.pl\/t\/index.php?rest_route=\/wp\/v2\/posts"}],"about":[{"href":"http:\/\/wgphoto.pl\/t\/index.php?rest_route=\/wp\/v2\/types\/post"}],"author":[{"embeddable":true,"href":"http:\/\/wgphoto.pl\/t\/index.php?rest_route=\/wp\/v2\/users\/1"}],"replies":[{"embeddable":true,"href":"http:\/\/wgphoto.pl\/t\/index.php?rest_route=%2Fwp%2Fv2%2Fcomments&post=13393"}],"version-history":[{"count":1,"href":"http:\/\/wgphoto.pl\/t\/index.php?rest_route=\/wp\/v2\/posts\/13393\/revisions"}],"predecessor-version":[{"id":13395,"href":"http:\/\/wgphoto.pl\/t\/index.php?rest_route=\/wp\/v2\/posts\/13393\/revisions\/13395"}],"wp:featuredmedia":[{"embeddable":true,"href":"http:\/\/wgphoto.pl\/t\/index.php?rest_route=\/wp\/v2\/media\/13394"}],"wp:attachment":[{"href":"http:\/\/wgphoto.pl\/t\/index.php?rest_route=%2Fwp%2Fv2%2Fmedia&parent=13393"}],"wp:term":[{"taxonomy":"category","embeddable":true,"href":"http:\/\/wgphoto.pl\/t\/index.php?rest_route=%2Fwp%2Fv2%2Fcategories&post=13393"},{"taxonomy":"post_tag","embeddable":true,"href":"http:\/\/wgphoto.pl\/t\/index.php?rest_route=%2Fwp%2Fv2%2Ftags&post=13393"}],"curies":[{"name":"wp","href":"https:\/\/api.w.org\/{rel}","templated":true}]}}