{"id":13402,"date":"2025-03-02T20:42:03","date_gmt":"2025-03-02T19:42:03","guid":{"rendered":"https:\/\/wgphoto.pl\/t\/?p=13402"},"modified":"2025-03-02T20:42:03","modified_gmt":"2025-03-02T19:42:03","slug":"drewniana-rogatka-2","status":"publish","type":"post","link":"http:\/\/wgphoto.pl\/t\/?p=13402","title":{"rendered":"Drewniana rogatka"},"content":{"rendered":"\n<figure class=\"wp-block-image aligncenter size-full\"><img loading=\"lazy\" decoding=\"async\" width=\"1300\" height=\"870\" src=\"https:\/\/wgphoto.pl\/t\/wp-content\/uploads\/2025\/03\/imgp0370.jpg\" alt=\"\" class=\"wp-image-13403\" srcset=\"http:\/\/wgphoto.pl\/t\/wp-content\/uploads\/2025\/03\/imgp0370.jpg 1300w, http:\/\/wgphoto.pl\/t\/wp-content\/uploads\/2025\/03\/imgp0370-300x201.jpg 300w, http:\/\/wgphoto.pl\/t\/wp-content\/uploads\/2025\/03\/imgp0370-768x514.jpg 768w\" sizes=\"auto, (max-width: 1300px) 100vw, 1300px\" \/><\/figure>\n\n\n\n<div class=\"wp-block-group has-global-padding is-layout-constrained wp-block-group-is-layout-constrained\">\n<p>754 078-4 z poc. posp. 796 rel. Letohrad &#8211; Praha-Sm\u00edchov wyje\u017cd\u017ca na szlak z Doudleb nad Orlic\u00ed do Kostelce nad Orlic\u00ed. Za moment minie standardow\u0105 czesk\u0105 rogatk\u0119 z drewnianym &#8222;dr\u0105giem&#8221;. 2009-10-25<\/p>\n<\/div>\n","protected":false},"excerpt":{"rendered":"<p>754 078-4 z poc. posp. 796 rel. Letohrad &#8211; Praha-Sm\u00edchov wyje\u017cd\u017ca na szlak z Doudleb nad Orlic\u00ed do Kostelce nad Orlic\u00ed. Za moment minie standardow\u0105 czesk\u0105 rogatk\u0119 z drewnianym &#8222;dr\u0105giem&#8221;. 2009-10-25<\/p>\n","protected":false},"author":1,"featured_media":13403,"comment_status":"open","ping_status":"","sticky":false,"template":"","format":"standard","meta":{"footnotes":""},"categories":[2,169],"tags":[1412,335,50,49,3328,230,1841],"class_list":["post-13402","post","type-post","status-publish","format-standard","has-post-thumbnail","hentry","category-kolej","category-rok-2009","tag-2009-10-25","tag-335","tag-cd","tag-czechy","tag-doudleby-nad-orlici","tag-infrastruktura","tag-tab-cz021"],"_links":{"self":[{"href":"http:\/\/wgphoto.pl\/t\/index.php?rest_route=\/wp\/v2\/posts\/13402","targetHints":{"allow":["GET"]}}],"collection":[{"href":"http:\/\/wgphoto.pl\/t\/index.php?rest_route=\/wp\/v2\/posts"}],"about":[{"href":"http:\/\/wgphoto.pl\/t\/index.php?rest_route=\/wp\/v2\/types\/post"}],"author":[{"embeddable":true,"href":"http:\/\/wgphoto.pl\/t\/index.php?rest_route=\/wp\/v2\/users\/1"}],"replies":[{"embeddable":true,"href":"http:\/\/wgphoto.pl\/t\/index.php?rest_route=%2Fwp%2Fv2%2Fcomments&post=13402"}],"version-history":[{"count":1,"href":"http:\/\/wgphoto.pl\/t\/index.php?rest_route=\/wp\/v2\/posts\/13402\/revisions"}],"predecessor-version":[{"id":13404,"href":"http:\/\/wgphoto.pl\/t\/index.php?rest_route=\/wp\/v2\/posts\/13402\/revisions\/13404"}],"wp:featuredmedia":[{"embeddable":true,"href":"http:\/\/wgphoto.pl\/t\/index.php?rest_route=\/wp\/v2\/media\/13403"}],"wp:attachment":[{"href":"http:\/\/wgphoto.pl\/t\/index.php?rest_route=%2Fwp%2Fv2%2Fmedia&parent=13402"}],"wp:term":[{"taxonomy":"category","embeddable":true,"href":"http:\/\/wgphoto.pl\/t\/index.php?rest_route=%2Fwp%2Fv2%2Fcategories&post=13402"},{"taxonomy":"post_tag","embeddable":true,"href":"http:\/\/wgphoto.pl\/t\/index.php?rest_route=%2Fwp%2Fv2%2Ftags&post=13402"}],"curies":[{"name":"wp","href":"https:\/\/api.w.org\/{rel}","templated":true}]}}