{"id":13411,"date":"2025-03-02T20:45:07","date_gmt":"2025-03-02T19:45:07","guid":{"rendered":"https:\/\/wgphoto.pl\/t\/?p=13411"},"modified":"2025-03-02T20:45:07","modified_gmt":"2025-03-02T19:45:07","slug":"2x-wroclaw-2","status":"publish","type":"post","link":"http:\/\/wgphoto.pl\/t\/?p=13411","title":{"rendered":"2x Wroc\u0142aw (2)"},"content":{"rendered":"\n<figure class=\"wp-block-image aligncenter size-full\"><img loading=\"lazy\" decoding=\"async\" width=\"1024\" height=\"683\" src=\"https:\/\/wgphoto.pl\/t\/wp-content\/uploads\/2025\/03\/imgp0404.jpg\" alt=\"\" class=\"wp-image-13412\" srcset=\"http:\/\/wgphoto.pl\/t\/wp-content\/uploads\/2025\/03\/imgp0404.jpg 1024w, http:\/\/wgphoto.pl\/t\/wp-content\/uploads\/2025\/03\/imgp0404-300x200.jpg 300w, http:\/\/wgphoto.pl\/t\/wp-content\/uploads\/2025\/03\/imgp0404-768x512.jpg 768w\" sizes=\"auto, (max-width: 1024px) 100vw, 1024px\" \/><\/figure>\n\n\n\n<div class=\"wp-block-group has-global-padding is-layout-constrained wp-block-group-is-layout-constrained\">\n<p>Pot\u0161tejn. Dy\u017curny ruchu wyprawi\u0142 na szlak do Doudleb n. Orl. rychlik 252 rel. Wroc\u0142aw G\u0142. &#8211; Praha hl.n. (warto nadmieni\u0107, \u017ce wedle czeskich przepis\u00f3w sygna\u0142 odjazdu ma form\u0119 krzy\u017ca), za chwil\u0119 na szlak w przeciwnym kierunku &#8211; do Litic n. Orl. &#8211; wyjedzie poci\u0105g z Pragi do Wroc\u0142awia. Na najlepsze uj\u0119cie z krzy\u017cowania jaki\u015b taki mi si\u0119 tutaj wtryni\u0142\u2026 2009-10-25<\/p>\n<\/div>\n","protected":false},"excerpt":{"rendered":"<p>Pot\u0161tejn. Dy\u017curny ruchu wyprawi\u0142 na szlak do Doudleb n. Orl. rychlik 252 rel. Wroc\u0142aw G\u0142. &#8211; Praha hl.n. (warto nadmieni\u0107, \u017ce wedle czeskich przepis\u00f3w sygna\u0142 odjazdu ma form\u0119 krzy\u017ca), za chwil\u0119 na szlak w przeciwnym kierunku &#8211; do Litic n. Orl. &#8211; wyjedzie poci\u0105g z Pragi do Wroc\u0142awia. Na najlepsze uj\u0119cie z krzy\u017cowania jaki\u015b taki [&hellip;]<\/p>\n","protected":false},"author":1,"featured_media":13412,"comment_status":"open","ping_status":"","sticky":false,"template":"","format":"standard","meta":{"footnotes":""},"categories":[2,169],"tags":[1412,335,50,49,173,154,2699,1841],"class_list":["post-13411","post","type-post","status-publish","format-standard","has-post-thumbnail","hentry","category-kolej","category-rok-2009","tag-2009-10-25","tag-335","tag-cd","tag-czechy","tag-koncowki","tag-noc","tag-potstejn","tag-tab-cz021"],"_links":{"self":[{"href":"http:\/\/wgphoto.pl\/t\/index.php?rest_route=\/wp\/v2\/posts\/13411","targetHints":{"allow":["GET"]}}],"collection":[{"href":"http:\/\/wgphoto.pl\/t\/index.php?rest_route=\/wp\/v2\/posts"}],"about":[{"href":"http:\/\/wgphoto.pl\/t\/index.php?rest_route=\/wp\/v2\/types\/post"}],"author":[{"embeddable":true,"href":"http:\/\/wgphoto.pl\/t\/index.php?rest_route=\/wp\/v2\/users\/1"}],"replies":[{"embeddable":true,"href":"http:\/\/wgphoto.pl\/t\/index.php?rest_route=%2Fwp%2Fv2%2Fcomments&post=13411"}],"version-history":[{"count":1,"href":"http:\/\/wgphoto.pl\/t\/index.php?rest_route=\/wp\/v2\/posts\/13411\/revisions"}],"predecessor-version":[{"id":13413,"href":"http:\/\/wgphoto.pl\/t\/index.php?rest_route=\/wp\/v2\/posts\/13411\/revisions\/13413"}],"wp:featuredmedia":[{"embeddable":true,"href":"http:\/\/wgphoto.pl\/t\/index.php?rest_route=\/wp\/v2\/media\/13412"}],"wp:attachment":[{"href":"http:\/\/wgphoto.pl\/t\/index.php?rest_route=%2Fwp%2Fv2%2Fmedia&parent=13411"}],"wp:term":[{"taxonomy":"category","embeddable":true,"href":"http:\/\/wgphoto.pl\/t\/index.php?rest_route=%2Fwp%2Fv2%2Fcategories&post=13411"},{"taxonomy":"post_tag","embeddable":true,"href":"http:\/\/wgphoto.pl\/t\/index.php?rest_route=%2Fwp%2Fv2%2Ftags&post=13411"}],"curies":[{"name":"wp","href":"https:\/\/api.w.org\/{rel}","templated":true}]}}