{"id":13414,"date":"2025-03-02T20:45:59","date_gmt":"2025-03-02T19:45:59","guid":{"rendered":"https:\/\/wgphoto.pl\/t\/?p=13414"},"modified":"2025-03-02T20:45:59","modified_gmt":"2025-03-02T19:45:59","slug":"zamberk","status":"publish","type":"post","link":"http:\/\/wgphoto.pl\/t\/?p=13414","title":{"rendered":"\u017damberk"},"content":{"rendered":"\n<figure class=\"wp-block-image aligncenter size-full\"><img loading=\"lazy\" decoding=\"async\" width=\"1024\" height=\"682\" src=\"https:\/\/wgphoto.pl\/t\/wp-content\/uploads\/2025\/03\/imgp5338-1.jpg\" alt=\"\" class=\"wp-image-13415\" srcset=\"http:\/\/wgphoto.pl\/t\/wp-content\/uploads\/2025\/03\/imgp5338-1.jpg 1024w, http:\/\/wgphoto.pl\/t\/wp-content\/uploads\/2025\/03\/imgp5338-1-300x200.jpg 300w, http:\/\/wgphoto.pl\/t\/wp-content\/uploads\/2025\/03\/imgp5338-1-768x512.jpg 768w\" sizes=\"auto, (max-width: 1024px) 100vw, 1024px\" \/><\/figure>\n\n\n\n<div class=\"wp-block-group has-global-padding is-layout-constrained wp-block-group-is-layout-constrained\">\n<p>750 121-6 z popo\u0142udniowym rychlikiem 252 rel. Wroc\u0142aw G\u0142. &#8211; Praha hl.n. zatrzymuje si\u0119 w \u017damberku. Jako \u017ce miejscowo\u015b\u0107 jest po\u0142o\u017cona kawa\u0142ek od stacji, wysiadka tutaj z wcze\u015bniejszego poci\u0105gu wi\u0105za\u0142a si\u0119 z decyzj\u0105: obiad (w Letohradzie) czy zdj\u0119cie. Wr\u00f3ci\u0142em wi\u0119c do domu g\u0142odny. \ud83d\ude09 07.04.2009<\/p>\n<\/div>\n","protected":false},"excerpt":{"rendered":"<p>750 121-6 z popo\u0142udniowym rychlikiem 252 rel. Wroc\u0142aw G\u0142. &#8211; Praha hl.n. zatrzymuje si\u0119 w \u017damberku. Jako \u017ce miejscowo\u015b\u0107 jest po\u0142o\u017cona kawa\u0142ek od stacji, wysiadka tutaj z wcze\u015bniejszego poci\u0105gu wi\u0105za\u0142a si\u0119 z decyzj\u0105: obiad (w Letohradzie) czy zdj\u0119cie. Wr\u00f3ci\u0142em wi\u0119c do domu g\u0142odny. \ud83d\ude09 07.04.2009<\/p>\n","protected":false},"author":1,"featured_media":13415,"comment_status":"open","ping_status":"","sticky":false,"template":"","format":"standard","meta":{"footnotes":""},"categories":[2,169],"tags":[3237,335,50,49,1841,1840],"class_list":["post-13414","post","type-post","status-publish","format-standard","has-post-thumbnail","hentry","category-kolej","category-rok-2009","tag-2009-04-07","tag-335","tag-cd","tag-czechy","tag-tab-cz021","tag-zamberk"],"_links":{"self":[{"href":"http:\/\/wgphoto.pl\/t\/index.php?rest_route=\/wp\/v2\/posts\/13414","targetHints":{"allow":["GET"]}}],"collection":[{"href":"http:\/\/wgphoto.pl\/t\/index.php?rest_route=\/wp\/v2\/posts"}],"about":[{"href":"http:\/\/wgphoto.pl\/t\/index.php?rest_route=\/wp\/v2\/types\/post"}],"author":[{"embeddable":true,"href":"http:\/\/wgphoto.pl\/t\/index.php?rest_route=\/wp\/v2\/users\/1"}],"replies":[{"embeddable":true,"href":"http:\/\/wgphoto.pl\/t\/index.php?rest_route=%2Fwp%2Fv2%2Fcomments&post=13414"}],"version-history":[{"count":1,"href":"http:\/\/wgphoto.pl\/t\/index.php?rest_route=\/wp\/v2\/posts\/13414\/revisions"}],"predecessor-version":[{"id":13416,"href":"http:\/\/wgphoto.pl\/t\/index.php?rest_route=\/wp\/v2\/posts\/13414\/revisions\/13416"}],"wp:featuredmedia":[{"embeddable":true,"href":"http:\/\/wgphoto.pl\/t\/index.php?rest_route=\/wp\/v2\/media\/13415"}],"wp:attachment":[{"href":"http:\/\/wgphoto.pl\/t\/index.php?rest_route=%2Fwp%2Fv2%2Fmedia&parent=13414"}],"wp:term":[{"taxonomy":"category","embeddable":true,"href":"http:\/\/wgphoto.pl\/t\/index.php?rest_route=%2Fwp%2Fv2%2Fcategories&post=13414"},{"taxonomy":"post_tag","embeddable":true,"href":"http:\/\/wgphoto.pl\/t\/index.php?rest_route=%2Fwp%2Fv2%2Ftags&post=13414"}],"curies":[{"name":"wp","href":"https:\/\/api.w.org\/{rel}","templated":true}]}}