{"id":1342,"date":"2024-10-03T17:05:23","date_gmt":"2024-10-03T15:05:23","guid":{"rendered":"https:\/\/wgphoto.pl\/t\/?p=1342"},"modified":"2024-10-03T17:05:23","modified_gmt":"2024-10-03T15:05:23","slug":"krzyzowanie-w-bialym-kosciele","status":"publish","type":"post","link":"http:\/\/wgphoto.pl\/t\/?p=1342","title":{"rendered":"Krzy\u017cowanie w Bia\u0142ym Ko\u015bciele"},"content":{"rendered":"\n<figure class=\"wp-block-image aligncenter size-full\"><img loading=\"lazy\" decoding=\"async\" width=\"1200\" height=\"803\" src=\"https:\/\/wgphoto.pl\/t\/wp-content\/uploads\/2024\/10\/IMGP5574.jpg\" alt=\"\" class=\"wp-image-1343\" srcset=\"http:\/\/wgphoto.pl\/t\/wp-content\/uploads\/2024\/10\/IMGP5574.jpg 1200w, http:\/\/wgphoto.pl\/t\/wp-content\/uploads\/2024\/10\/IMGP5574-300x201.jpg 300w, http:\/\/wgphoto.pl\/t\/wp-content\/uploads\/2024\/10\/IMGP5574-768x514.jpg 768w\" sizes=\"auto, (max-width: 1200px) 100vw, 1200px\" \/><\/figure>\n\n\n\n<div class=\"wp-block-group has-global-padding is-layout-constrained wp-block-group-is-layout-constrained\">\n<p>EU07-164 z op\u00f3\u017anionym poci\u0105giem osobowym 6621 &#8222;Kamie\u0144czyk&#8221; z Wroc\u0142awia (wagony bezpo\u015brednie z Poznania) do Kudowy-Zdroju wyrusza na szlak do Henrykowa, a w przeciwnym kierunku &#8211; do Strzelina &#8211; startuje ci\u0119\u017ckie brutto, \u017cwawo popychane przez rumuni\u0119 z poprzedniego zdj\u0119cia. 01.05.2009<\/p>\n<\/div>\n","protected":false},"excerpt":{"rendered":"<p>EU07-164 z op\u00f3\u017anionym poci\u0105giem osobowym 6621 &#8222;Kamie\u0144czyk&#8221; z Wroc\u0142awia (wagony bezpo\u015brednie z Poznania) do Kudowy-Zdroju wyrusza na szlak do Henrykowa, a w przeciwnym kierunku &#8211; do Strzelina &#8211; startuje ci\u0119\u017ckie brutto, \u017cwawo popychane przez rumuni\u0119 z poprzedniego zdj\u0119cia. 01.05.2009<\/p>\n","protected":false},"author":1,"featured_media":1343,"comment_status":"open","ping_status":"","sticky":false,"template":"","format":"standard","meta":{"footnotes":""},"categories":[2,169],"tags":[648,647,122,63,27,650,64,53,383,294],"class_list":["post-1342","post","type-post","status-publish","format-standard","has-post-thumbnail","hentry","category-kolej","category-rok-2009","tag-2009-05-01","tag-bialy-kosciol","tag-eu07","tag-pkp","tag-polska","tag-rzepak","tag-st43","tag-sygnalizacja-ksztaltowa","tag-tab-pl230","tag-wiosna"],"_links":{"self":[{"href":"http:\/\/wgphoto.pl\/t\/index.php?rest_route=\/wp\/v2\/posts\/1342","targetHints":{"allow":["GET"]}}],"collection":[{"href":"http:\/\/wgphoto.pl\/t\/index.php?rest_route=\/wp\/v2\/posts"}],"about":[{"href":"http:\/\/wgphoto.pl\/t\/index.php?rest_route=\/wp\/v2\/types\/post"}],"author":[{"embeddable":true,"href":"http:\/\/wgphoto.pl\/t\/index.php?rest_route=\/wp\/v2\/users\/1"}],"replies":[{"embeddable":true,"href":"http:\/\/wgphoto.pl\/t\/index.php?rest_route=%2Fwp%2Fv2%2Fcomments&post=1342"}],"version-history":[{"count":1,"href":"http:\/\/wgphoto.pl\/t\/index.php?rest_route=\/wp\/v2\/posts\/1342\/revisions"}],"predecessor-version":[{"id":1344,"href":"http:\/\/wgphoto.pl\/t\/index.php?rest_route=\/wp\/v2\/posts\/1342\/revisions\/1344"}],"wp:featuredmedia":[{"embeddable":true,"href":"http:\/\/wgphoto.pl\/t\/index.php?rest_route=\/wp\/v2\/media\/1343"}],"wp:attachment":[{"href":"http:\/\/wgphoto.pl\/t\/index.php?rest_route=%2Fwp%2Fv2%2Fmedia&parent=1342"}],"wp:term":[{"taxonomy":"category","embeddable":true,"href":"http:\/\/wgphoto.pl\/t\/index.php?rest_route=%2Fwp%2Fv2%2Fcategories&post=1342"},{"taxonomy":"post_tag","embeddable":true,"href":"http:\/\/wgphoto.pl\/t\/index.php?rest_route=%2Fwp%2Fv2%2Ftags&post=1342"}],"curies":[{"name":"wp","href":"https:\/\/api.w.org\/{rel}","templated":true}]}}