{"id":13459,"date":"2025-03-02T21:27:41","date_gmt":"2025-03-02T20:27:41","guid":{"rendered":"https:\/\/wgphoto.pl\/t\/?p=13459"},"modified":"2025-03-02T21:27:41","modified_gmt":"2025-03-02T20:27:41","slug":"hala-stulecia-2","status":"publish","type":"post","link":"http:\/\/wgphoto.pl\/t\/?p=13459","title":{"rendered":"Hala Stulecia (2)"},"content":{"rendered":"\n<figure class=\"wp-block-image aligncenter size-full\"><img loading=\"lazy\" decoding=\"async\" width=\"1024\" height=\"683\" src=\"https:\/\/wgphoto.pl\/t\/wp-content\/uploads\/2025\/03\/imgp3408-1a.jpg\" alt=\"\" class=\"wp-image-13460\" srcset=\"http:\/\/wgphoto.pl\/t\/wp-content\/uploads\/2025\/03\/imgp3408-1a.jpg 1024w, http:\/\/wgphoto.pl\/t\/wp-content\/uploads\/2025\/03\/imgp3408-1a-300x200.jpg 300w, http:\/\/wgphoto.pl\/t\/wp-content\/uploads\/2025\/03\/imgp3408-1a-768x512.jpg 768w\" sizes=\"auto, (max-width: 1024px) 100vw, 1024px\" \/><\/figure>\n\n\n\n<div class=\"wp-block-group has-global-padding is-layout-constrained wp-block-group-is-layout-constrained\">\n<p>Wroc\u0142aw, ul. Wr\u00f3blewskiego. Szkodnik pod Hal\u0105 Stulecia niecz\u0119sto si\u0119 pojawia, a prawd\u0119 m\u00f3wi\u0105c nie powinien si\u0119 pojawi\u0107 wcale, gdy\u017c pojazdy typu 16T i 19T maj\u0105 zakaz wjazdu na ulice Sk\u0142odowskiej i Mickiewicza ze wzgl\u0119du na stan techniczny tych\u017ce. 03.05.2013<\/p>\n<\/div>\n","protected":false},"excerpt":{"rendered":"<p>Wroc\u0142aw, ul. Wr\u00f3blewskiego. Szkodnik pod Hal\u0105 Stulecia niecz\u0119sto si\u0119 pojawia, a prawd\u0119 m\u00f3wi\u0105c nie powinien si\u0119 pojawi\u0107 wcale, gdy\u017c pojazdy typu 16T i 19T maj\u0105 zakaz wjazdu na ulice Sk\u0142odowskiej i Mickiewicza ze wzgl\u0119du na stan techniczny tych\u017ce. 03.05.2013<\/p>\n","protected":false},"author":1,"featured_media":13460,"comment_status":"open","ping_status":"","sticky":false,"template":"","format":"standard","meta":{"footnotes":""},"categories":[55,3],"tags":[3334,34,13,494,42,27,1493,216,41],"class_list":["post-13459","post","type-post","status-publish","format-standard","has-post-thumbnail","hentry","category-rok-2013","category-tramwaj","tag-2013-05-03","tag-architektura","tag-deszcz","tag-flaga","tag-mpk-wroclaw","tag-polska","tag-skoda-19t","tag-skoda-elektra","tag-wroclaw"],"_links":{"self":[{"href":"http:\/\/wgphoto.pl\/t\/index.php?rest_route=\/wp\/v2\/posts\/13459","targetHints":{"allow":["GET"]}}],"collection":[{"href":"http:\/\/wgphoto.pl\/t\/index.php?rest_route=\/wp\/v2\/posts"}],"about":[{"href":"http:\/\/wgphoto.pl\/t\/index.php?rest_route=\/wp\/v2\/types\/post"}],"author":[{"embeddable":true,"href":"http:\/\/wgphoto.pl\/t\/index.php?rest_route=\/wp\/v2\/users\/1"}],"replies":[{"embeddable":true,"href":"http:\/\/wgphoto.pl\/t\/index.php?rest_route=%2Fwp%2Fv2%2Fcomments&post=13459"}],"version-history":[{"count":1,"href":"http:\/\/wgphoto.pl\/t\/index.php?rest_route=\/wp\/v2\/posts\/13459\/revisions"}],"predecessor-version":[{"id":13461,"href":"http:\/\/wgphoto.pl\/t\/index.php?rest_route=\/wp\/v2\/posts\/13459\/revisions\/13461"}],"wp:featuredmedia":[{"embeddable":true,"href":"http:\/\/wgphoto.pl\/t\/index.php?rest_route=\/wp\/v2\/media\/13460"}],"wp:attachment":[{"href":"http:\/\/wgphoto.pl\/t\/index.php?rest_route=%2Fwp%2Fv2%2Fmedia&parent=13459"}],"wp:term":[{"taxonomy":"category","embeddable":true,"href":"http:\/\/wgphoto.pl\/t\/index.php?rest_route=%2Fwp%2Fv2%2Fcategories&post=13459"},{"taxonomy":"post_tag","embeddable":true,"href":"http:\/\/wgphoto.pl\/t\/index.php?rest_route=%2Fwp%2Fv2%2Ftags&post=13459"}],"curies":[{"name":"wp","href":"https:\/\/api.w.org\/{rel}","templated":true}]}}