{"id":13462,"date":"2025-03-02T21:28:56","date_gmt":"2025-03-02T20:28:56","guid":{"rendered":"https:\/\/wgphoto.pl\/t\/?p=13462"},"modified":"2025-03-02T21:28:56","modified_gmt":"2025-03-02T20:28:56","slug":"wroclawska-fontanna","status":"publish","type":"post","link":"http:\/\/wgphoto.pl\/t\/?p=13462","title":{"rendered":"Wroc\u0142awska fontanna"},"content":{"rendered":"\n<figure class=\"wp-block-image aligncenter size-full\"><img loading=\"lazy\" decoding=\"async\" width=\"1024\" height=\"683\" src=\"https:\/\/wgphoto.pl\/t\/wp-content\/uploads\/2025\/03\/imgp3451.jpg\" alt=\"\" class=\"wp-image-13463\" srcset=\"http:\/\/wgphoto.pl\/t\/wp-content\/uploads\/2025\/03\/imgp3451.jpg 1024w, http:\/\/wgphoto.pl\/t\/wp-content\/uploads\/2025\/03\/imgp3451-300x200.jpg 300w, http:\/\/wgphoto.pl\/t\/wp-content\/uploads\/2025\/03\/imgp3451-768x512.jpg 768w\" sizes=\"auto, (max-width: 1024px) 100vw, 1024px\" \/><\/figure>\n\n\n\n<div class=\"wp-block-group has-global-padding is-layout-constrained wp-block-group-is-layout-constrained\">\n<p>Wroc\u0142aw, ul. Sk\u0142odowskiej-Curie. Nieopodal, na Pergoli przy Hali Stulecia, znajduje si\u0119 s\u0142ynna, multimedialna, Wroc\u0142awska Fontanna (to jej oficjalna, pe\u0142na polotu nazwa). Ta jednak nie rozpocz\u0119\u0142a jeszcze tegorocznego sezonu [opis z maja 2013], a mo\u017ce ma awari\u0119 &#8211; tak jak przez po\u0142ow\u0119 sezonu zesz\u0142ego, efekt w ka\u017cdym razie jest jednakowy &#8211; nie dzia\u0142a. Ale nic to dla nas. Nie mniejsze atrakcje zapewniaj\u0105 pojazdy rozje\u017cd\u017caj\u0105ce wod\u0119 gromadz\u0105c\u0105 si\u0119 po deszczu w licznych zapadliskach nawierzchni ulicy Sk\u0142odowskiej-Curie, kt\u00f3ra od lat oczekuje remontu. 03.05.2013<\/p>\n<\/div>\n","protected":false},"excerpt":{"rendered":"<p>Wroc\u0142aw, ul. Sk\u0142odowskiej-Curie. Nieopodal, na Pergoli przy Hali Stulecia, znajduje si\u0119 s\u0142ynna, multimedialna, Wroc\u0142awska Fontanna (to jej oficjalna, pe\u0142na polotu nazwa). Ta jednak nie rozpocz\u0119\u0142a jeszcze tegorocznego sezonu [opis z maja 2013], a mo\u017ce ma awari\u0119 &#8211; tak jak przez po\u0142ow\u0119 sezonu zesz\u0142ego, efekt w ka\u017cdym razie jest jednakowy &#8211; nie dzia\u0142a. Ale nic to [&hellip;]<\/p>\n","protected":false},"author":1,"featured_media":13463,"comment_status":"open","ping_status":"","sticky":false,"template":"","format":"standard","meta":{"footnotes":""},"categories":[55,3],"tags":[155,3334,13,42,27,41],"class_list":["post-13462","post","type-post","status-publish","format-standard","has-post-thumbnail","hentry","category-rok-2013","category-tramwaj","tag-105na","tag-2013-05-03","tag-deszcz","tag-mpk-wroclaw","tag-polska","tag-wroclaw"],"_links":{"self":[{"href":"http:\/\/wgphoto.pl\/t\/index.php?rest_route=\/wp\/v2\/posts\/13462","targetHints":{"allow":["GET"]}}],"collection":[{"href":"http:\/\/wgphoto.pl\/t\/index.php?rest_route=\/wp\/v2\/posts"}],"about":[{"href":"http:\/\/wgphoto.pl\/t\/index.php?rest_route=\/wp\/v2\/types\/post"}],"author":[{"embeddable":true,"href":"http:\/\/wgphoto.pl\/t\/index.php?rest_route=\/wp\/v2\/users\/1"}],"replies":[{"embeddable":true,"href":"http:\/\/wgphoto.pl\/t\/index.php?rest_route=%2Fwp%2Fv2%2Fcomments&post=13462"}],"version-history":[{"count":1,"href":"http:\/\/wgphoto.pl\/t\/index.php?rest_route=\/wp\/v2\/posts\/13462\/revisions"}],"predecessor-version":[{"id":13464,"href":"http:\/\/wgphoto.pl\/t\/index.php?rest_route=\/wp\/v2\/posts\/13462\/revisions\/13464"}],"wp:featuredmedia":[{"embeddable":true,"href":"http:\/\/wgphoto.pl\/t\/index.php?rest_route=\/wp\/v2\/media\/13463"}],"wp:attachment":[{"href":"http:\/\/wgphoto.pl\/t\/index.php?rest_route=%2Fwp%2Fv2%2Fmedia&parent=13462"}],"wp:term":[{"taxonomy":"category","embeddable":true,"href":"http:\/\/wgphoto.pl\/t\/index.php?rest_route=%2Fwp%2Fv2%2Fcategories&post=13462"},{"taxonomy":"post_tag","embeddable":true,"href":"http:\/\/wgphoto.pl\/t\/index.php?rest_route=%2Fwp%2Fv2%2Ftags&post=13462"}],"curies":[{"name":"wp","href":"https:\/\/api.w.org\/{rel}","templated":true}]}}