{"id":13465,"date":"2025-03-02T21:30:21","date_gmt":"2025-03-02T20:30:21","guid":{"rendered":"https:\/\/wgphoto.pl\/t\/?p=13465"},"modified":"2025-03-02T21:30:21","modified_gmt":"2025-03-02T20:30:21","slug":"wyprzedzanie-w-usti","status":"publish","type":"post","link":"http:\/\/wgphoto.pl\/t\/?p=13465","title":{"rendered":"Wyprzedzanie w \u00dast\u00ed"},"content":{"rendered":"\n<figure class=\"wp-block-image aligncenter size-full\"><img loading=\"lazy\" decoding=\"async\" width=\"1024\" height=\"685\" src=\"https:\/\/wgphoto.pl\/t\/wp-content\/uploads\/2025\/03\/0902-31.jpg\" alt=\"\" class=\"wp-image-13466\" srcset=\"http:\/\/wgphoto.pl\/t\/wp-content\/uploads\/2025\/03\/0902-31.jpg 1024w, http:\/\/wgphoto.pl\/t\/wp-content\/uploads\/2025\/03\/0902-31-300x201.jpg 300w, http:\/\/wgphoto.pl\/t\/wp-content\/uploads\/2025\/03\/0902-31-768x514.jpg 768w\" sizes=\"auto, (max-width: 1024px) 100vw, 1024px\" \/><\/figure>\n\n\n\n<div class=\"wp-block-group has-global-padding is-layout-constrained wp-block-group-is-layout-constrained\">\n<p>363 042-3 z poci\u0105giem przyspieszonym 1970 z Brna do Pardubic wjecha\u0142 na pierwszy tor przy peronie praskim, by zgodnie z rozk\u0142adem jazdy przepu\u015bci\u0107 poci\u0105g wy\u017cszej kategorii. Lokomotywa dwusystemowa ze sk\u0142adem &#8222;bonanz&#8221; na tej stacji jest ewenementem, tak samo zreszt\u0105 jak i relacja poci\u0105gu, wyst\u0119puj\u0105ca w rozk\u0142adzie bodaj tylko w sile tego jednego kursu dziennie. Standardem w ruchu osobowym jest wykrojenie z odcinka Brno &#8211; \u010cesk\u00e1 T\u0159ebov\u00e1 relacji &#8222;transsystemowej&#8221; Svitavy &#8211; \u010c. T\u0159ebov\u00e1 (obs\u0142ugiwanej regionov\u0105), za\u015b po\u0142\u0105czenia bezpo\u015brednie zapewniaj\u0105 poci\u0105gi o kategoriach od rychlika wzwy\u017c. Wiem \u017ce zepsu\u0142em obcinaj\u0105c maszt o\u015bwietleniowy, ale i tak mi si\u0119 podoba. 16.02.2009<\/p>\n<\/div>\n","protected":false},"excerpt":{"rendered":"<p>363 042-3 z poci\u0105giem przyspieszonym 1970 z Brna do Pardubic wjecha\u0142 na pierwszy tor przy peronie praskim, by zgodnie z rozk\u0142adem jazdy przepu\u015bci\u0107 poci\u0105g wy\u017cszej kategorii. Lokomotywa dwusystemowa ze sk\u0142adem &#8222;bonanz&#8221; na tej stacji jest ewenementem, tak samo zreszt\u0105 jak i relacja poci\u0105gu, wyst\u0119puj\u0105ca w rozk\u0142adzie bodaj tylko w sile tego jednego kursu dziennie. Standardem [&hellip;]<\/p>\n","protected":false},"author":1,"featured_media":13466,"comment_status":"open","ping_status":"","sticky":false,"template":"","format":"standard","meta":{"footnotes":""},"categories":[62,2,169],"tags":[1497,51,91,50,49,313,44,1375,87,90],"class_list":["post-13465","post","type-post","status-publish","format-standard","has-post-thumbnail","hentry","category-analog","category-kolej","category-rok-2009","tag-2009-02-16","tag-51","tag-blue-hour","tag-cd","tag-czechy","tag-dyzurny","tag-snieg","tag-tab-cz010","tag-usti-nad-orlici","tag-wieczorem"],"_links":{"self":[{"href":"http:\/\/wgphoto.pl\/t\/index.php?rest_route=\/wp\/v2\/posts\/13465","targetHints":{"allow":["GET"]}}],"collection":[{"href":"http:\/\/wgphoto.pl\/t\/index.php?rest_route=\/wp\/v2\/posts"}],"about":[{"href":"http:\/\/wgphoto.pl\/t\/index.php?rest_route=\/wp\/v2\/types\/post"}],"author":[{"embeddable":true,"href":"http:\/\/wgphoto.pl\/t\/index.php?rest_route=\/wp\/v2\/users\/1"}],"replies":[{"embeddable":true,"href":"http:\/\/wgphoto.pl\/t\/index.php?rest_route=%2Fwp%2Fv2%2Fcomments&post=13465"}],"version-history":[{"count":1,"href":"http:\/\/wgphoto.pl\/t\/index.php?rest_route=\/wp\/v2\/posts\/13465\/revisions"}],"predecessor-version":[{"id":13467,"href":"http:\/\/wgphoto.pl\/t\/index.php?rest_route=\/wp\/v2\/posts\/13465\/revisions\/13467"}],"wp:featuredmedia":[{"embeddable":true,"href":"http:\/\/wgphoto.pl\/t\/index.php?rest_route=\/wp\/v2\/media\/13466"}],"wp:attachment":[{"href":"http:\/\/wgphoto.pl\/t\/index.php?rest_route=%2Fwp%2Fv2%2Fmedia&parent=13465"}],"wp:term":[{"taxonomy":"category","embeddable":true,"href":"http:\/\/wgphoto.pl\/t\/index.php?rest_route=%2Fwp%2Fv2%2Fcategories&post=13465"},{"taxonomy":"post_tag","embeddable":true,"href":"http:\/\/wgphoto.pl\/t\/index.php?rest_route=%2Fwp%2Fv2%2Ftags&post=13465"}],"curies":[{"name":"wp","href":"https:\/\/api.w.org\/{rel}","templated":true}]}}