{"id":13471,"date":"2025-03-03T21:05:01","date_gmt":"2025-03-03T20:05:01","guid":{"rendered":"https:\/\/wgphoto.pl\/t\/?p=13471"},"modified":"2025-03-03T21:05:01","modified_gmt":"2025-03-03T20:05:01","slug":"zapraszam-do-srodka","status":"publish","type":"post","link":"http:\/\/wgphoto.pl\/t\/?p=13471","title":{"rendered":"Zapraszam do \u015brodka!"},"content":{"rendered":"\n<figure class=\"wp-block-image aligncenter size-full\"><img loading=\"lazy\" decoding=\"async\" width=\"1000\" height=\"705\" src=\"https:\/\/wgphoto.pl\/t\/wp-content\/uploads\/2025\/03\/imgp8715.jpg\" alt=\"\" class=\"wp-image-13472\" srcset=\"http:\/\/wgphoto.pl\/t\/wp-content\/uploads\/2025\/03\/imgp8715.jpg 1000w, http:\/\/wgphoto.pl\/t\/wp-content\/uploads\/2025\/03\/imgp8715-300x212.jpg 300w, http:\/\/wgphoto.pl\/t\/wp-content\/uploads\/2025\/03\/imgp8715-768x541.jpg 768w\" sizes=\"auto, (max-width: 1000px) 100vw, 1000px\" \/><\/figure>\n\n\n\n<div class=\"wp-block-group has-global-padding is-layout-constrained wp-block-group-is-layout-constrained\">\n<p>Z racji braku instytucji wst\u0119pniaka w tej nowoczesnej galerii, pos\u0142u\u017c\u0119 si\u0119 tym oto zdj\u0119ciem, nie maj\u0105c nawet pewno\u015bci, czy publiczno\u015b\u0107 je ogl\u0105da na pocz\u0105tku, czy na ko\u0144cu serii. Stwierdzi\u0142em zupe\u0142nie banalnie, \u017ce wn\u0119trze pojazdu bywa r\u00f3wnie ciekawe co jego zewn\u0119trze. Pozwala dope\u0142ni\u0107 obraz tego, jak tam jest. Zamierzam wszak tutaj pokazywa\u0107 przede wszystkim wn\u0119trza, w kt\u00f3rych postan\u0119\u0142a moja noga albo i po\u015blad sobie klapn\u0105\u0142 w czasie wycieczek rozmaitych. W ko\u0144cu wn\u0119trze te\u017c jest miejscem, w kt\u00f3rym by\u0142em, a najch\u0119tniej tobym pokazywa\u0142 jak najpe\u0142niejsze obrazy z odwiedzonych miejsc. Zatem otwieram drzwi i zapraszam do \u015brodka! Foto przedstawia zbudowany na bazie pojazdu starszej konstrukcji wagon sterowniczy z szerokim wej\u015bciem, wyposa\u017conym w dodakowy, wysuwany stopie\u0144. 20.06.2012<\/p>\n<\/div>\n","protected":false},"excerpt":{"rendered":"<p>Z racji braku instytucji wst\u0119pniaka w tej nowoczesnej galerii, pos\u0142u\u017c\u0119 si\u0119 tym oto zdj\u0119ciem, nie maj\u0105c nawet pewno\u015bci, czy publiczno\u015b\u0107 je ogl\u0105da na pocz\u0105tku, czy na ko\u0144cu serii. Stwierdzi\u0142em zupe\u0142nie banalnie, \u017ce wn\u0119trze pojazdu bywa r\u00f3wnie ciekawe co jego zewn\u0119trze. Pozwala dope\u0142ni\u0107 obraz tego, jak tam jest. Zamierzam wszak tutaj pokazywa\u0107 przede wszystkim wn\u0119trza, w [&hellip;]<\/p>\n","protected":false},"author":1,"featured_media":13472,"comment_status":"open","ping_status":"","sticky":false,"template":"","format":"standard","meta":{"footnotes":""},"categories":[220,2,46],"tags":[1733,50,49,265,454],"class_list":["post-13471","post","type-post","status-publish","format-standard","has-post-thumbnail","hentry","category-blo","category-kolej","category-rok-2012","tag-2012-06-20","tag-cd","tag-czechy","tag-wagon","tag-wnetrza-pojazdow"],"_links":{"self":[{"href":"http:\/\/wgphoto.pl\/t\/index.php?rest_route=\/wp\/v2\/posts\/13471","targetHints":{"allow":["GET"]}}],"collection":[{"href":"http:\/\/wgphoto.pl\/t\/index.php?rest_route=\/wp\/v2\/posts"}],"about":[{"href":"http:\/\/wgphoto.pl\/t\/index.php?rest_route=\/wp\/v2\/types\/post"}],"author":[{"embeddable":true,"href":"http:\/\/wgphoto.pl\/t\/index.php?rest_route=\/wp\/v2\/users\/1"}],"replies":[{"embeddable":true,"href":"http:\/\/wgphoto.pl\/t\/index.php?rest_route=%2Fwp%2Fv2%2Fcomments&post=13471"}],"version-history":[{"count":1,"href":"http:\/\/wgphoto.pl\/t\/index.php?rest_route=\/wp\/v2\/posts\/13471\/revisions"}],"predecessor-version":[{"id":13473,"href":"http:\/\/wgphoto.pl\/t\/index.php?rest_route=\/wp\/v2\/posts\/13471\/revisions\/13473"}],"wp:featuredmedia":[{"embeddable":true,"href":"http:\/\/wgphoto.pl\/t\/index.php?rest_route=\/wp\/v2\/media\/13472"}],"wp:attachment":[{"href":"http:\/\/wgphoto.pl\/t\/index.php?rest_route=%2Fwp%2Fv2%2Fmedia&parent=13471"}],"wp:term":[{"taxonomy":"category","embeddable":true,"href":"http:\/\/wgphoto.pl\/t\/index.php?rest_route=%2Fwp%2Fv2%2Fcategories&post=13471"},{"taxonomy":"post_tag","embeddable":true,"href":"http:\/\/wgphoto.pl\/t\/index.php?rest_route=%2Fwp%2Fv2%2Ftags&post=13471"}],"curies":[{"name":"wp","href":"https:\/\/api.w.org\/{rel}","templated":true}]}}