{"id":13474,"date":"2025-03-03T21:06:07","date_gmt":"2025-03-03T20:06:07","guid":{"rendered":"https:\/\/wgphoto.pl\/t\/?p=13474"},"modified":"2025-03-03T21:06:07","modified_gmt":"2025-03-03T20:06:07","slug":"motorak-wegierski","status":"publish","type":"post","link":"http:\/\/wgphoto.pl\/t\/?p=13474","title":{"rendered":"Motorak w\u0119gierski"},"content":{"rendered":"\n<figure class=\"wp-block-image aligncenter size-full\"><img loading=\"lazy\" decoding=\"async\" width=\"1200\" height=\"803\" src=\"https:\/\/wgphoto.pl\/t\/wp-content\/uploads\/2025\/03\/imgp3724.jpg\" alt=\"\" class=\"wp-image-13475\" srcset=\"http:\/\/wgphoto.pl\/t\/wp-content\/uploads\/2025\/03\/imgp3724.jpg 1200w, http:\/\/wgphoto.pl\/t\/wp-content\/uploads\/2025\/03\/imgp3724-300x201.jpg 300w, http:\/\/wgphoto.pl\/t\/wp-content\/uploads\/2025\/03\/imgp3724-768x514.jpg 768w\" sizes=\"auto, (max-width: 1200px) 100vw, 1200px\" \/><\/figure>\n\n\n\n<div class=\"wp-block-group has-global-padding is-layout-constrained wp-block-group-is-layout-constrained\">\n<p>Czechos\u0142owackiej produkcji motorak, nale\u017c\u0105cy do kolei w\u0119gierskich. A zdj\u0119cie tak naprawd\u0119 pope\u0142ni\u0142em w Chorwacji (na granicznej z W\u0119grami stacji). Jednakowej szeroko\u015bci p\u00f3\u0142ki baga\u017cowe wskazywa\u0142yby, \u017ce taki uk\u0142ad wn\u0119trza by\u0142 tutaj od nowo\u015bci. 26.08.2011<\/p>\n<\/div>\n","protected":false},"excerpt":{"rendered":"<p>Czechos\u0142owackiej produkcji motorak, nale\u017c\u0105cy do kolei w\u0119gierskich. A zdj\u0119cie tak naprawd\u0119 pope\u0142ni\u0142em w Chorwacji (na granicznej z W\u0119grami stacji). Jednakowej szeroko\u015bci p\u00f3\u0142ki baga\u017cowe wskazywa\u0142yby, \u017ce taki uk\u0142ad wn\u0119trza by\u0142 tutaj od nowo\u015bci. 26.08.2011<\/p>\n","protected":false},"author":1,"featured_media":13475,"comment_status":"open","ping_status":"","sticky":false,"template":"","format":"standard","meta":{"footnotes":""},"categories":[220,2,77],"tags":[1598,2176,1813,223,265,105,454],"class_list":["post-13474","post","type-post","status-publish","format-standard","has-post-thumbnail","hentry","category-blo","category-kolej","category-rok-2011","tag-2011-08-26","tag-bzmot","tag-mav","tag-symetria","tag-wagon","tag-wegry","tag-wnetrza-pojazdow"],"_links":{"self":[{"href":"http:\/\/wgphoto.pl\/t\/index.php?rest_route=\/wp\/v2\/posts\/13474","targetHints":{"allow":["GET"]}}],"collection":[{"href":"http:\/\/wgphoto.pl\/t\/index.php?rest_route=\/wp\/v2\/posts"}],"about":[{"href":"http:\/\/wgphoto.pl\/t\/index.php?rest_route=\/wp\/v2\/types\/post"}],"author":[{"embeddable":true,"href":"http:\/\/wgphoto.pl\/t\/index.php?rest_route=\/wp\/v2\/users\/1"}],"replies":[{"embeddable":true,"href":"http:\/\/wgphoto.pl\/t\/index.php?rest_route=%2Fwp%2Fv2%2Fcomments&post=13474"}],"version-history":[{"count":1,"href":"http:\/\/wgphoto.pl\/t\/index.php?rest_route=\/wp\/v2\/posts\/13474\/revisions"}],"predecessor-version":[{"id":13476,"href":"http:\/\/wgphoto.pl\/t\/index.php?rest_route=\/wp\/v2\/posts\/13474\/revisions\/13476"}],"wp:featuredmedia":[{"embeddable":true,"href":"http:\/\/wgphoto.pl\/t\/index.php?rest_route=\/wp\/v2\/media\/13475"}],"wp:attachment":[{"href":"http:\/\/wgphoto.pl\/t\/index.php?rest_route=%2Fwp%2Fv2%2Fmedia&parent=13474"}],"wp:term":[{"taxonomy":"category","embeddable":true,"href":"http:\/\/wgphoto.pl\/t\/index.php?rest_route=%2Fwp%2Fv2%2Fcategories&post=13474"},{"taxonomy":"post_tag","embeddable":true,"href":"http:\/\/wgphoto.pl\/t\/index.php?rest_route=%2Fwp%2Fv2%2Ftags&post=13474"}],"curies":[{"name":"wp","href":"https:\/\/api.w.org\/{rel}","templated":true}]}}