{"id":13477,"date":"2025-03-03T21:07:09","date_gmt":"2025-03-03T20:07:09","guid":{"rendered":"https:\/\/wgphoto.pl\/t\/?p=13477"},"modified":"2025-03-03T21:07:09","modified_gmt":"2025-03-03T20:07:09","slug":"motorak-czeski","status":"publish","type":"post","link":"http:\/\/wgphoto.pl\/t\/?p=13477","title":{"rendered":"Motorak czeski"},"content":{"rendered":"\n<figure class=\"wp-block-image aligncenter size-full\"><img loading=\"lazy\" decoding=\"async\" width=\"1000\" height=\"669\" src=\"https:\/\/wgphoto.pl\/t\/wp-content\/uploads\/2025\/03\/imgp5989-10.jpg\" alt=\"\" class=\"wp-image-13478\" srcset=\"http:\/\/wgphoto.pl\/t\/wp-content\/uploads\/2025\/03\/imgp5989-10.jpg 1000w, http:\/\/wgphoto.pl\/t\/wp-content\/uploads\/2025\/03\/imgp5989-10-300x201.jpg 300w, http:\/\/wgphoto.pl\/t\/wp-content\/uploads\/2025\/03\/imgp5989-10-768x514.jpg 768w\" sizes=\"auto, (max-width: 1000px) 100vw, 1000px\" \/><\/figure>\n\n\n\n<div class=\"wp-block-group has-global-padding is-layout-constrained wp-block-group-is-layout-constrained\">\n<p>Skajowe \u0142awki z oparciami do po\u0142owy plec\u00f3w (cho\u0107 jak na niskie oparcia &#8211; nadzwyczaj wygodne) maj\u0105 r\u00f3\u017cn\u0105 szeroko\u015b\u0107: s\u0105 przeznaczone dla dw\u00f3ch (po lewej) lub trzech os\u00f3b (po prawej). Przej\u015bcie wzd\u0142u\u017c wagonu jest zatem przesuni\u0119te wzgl\u0119dem jego osi. Taguj\u0105c jako 810 oszukuj\u0119, poniewa\u017c to jest doczepa. 16.08.2010<\/p>\n<\/div>\n","protected":false},"excerpt":{"rendered":"<p>Skajowe \u0142awki z oparciami do po\u0142owy plec\u00f3w (cho\u0107 jak na niskie oparcia &#8211; nadzwyczaj wygodne) maj\u0105 r\u00f3\u017cn\u0105 szeroko\u015b\u0107: s\u0105 przeznaczone dla dw\u00f3ch (po lewej) lub trzech os\u00f3b (po prawej). Przej\u015bcie wzd\u0142u\u017c wagonu jest zatem przesuni\u0119te wzgl\u0119dem jego osi. Taguj\u0105c jako 810 oszukuj\u0119, poniewa\u017c to jest doczepa. 16.08.2010<\/p>\n","protected":false},"author":1,"featured_media":13478,"comment_status":"open","ping_status":"","sticky":false,"template":"","format":"standard","meta":{"footnotes":""},"categories":[220,2,86],"tags":[2639,92,50,49,265,454],"class_list":["post-13477","post","type-post","status-publish","format-standard","has-post-thumbnail","hentry","category-blo","category-kolej","category-rok-2010","tag-2010-08-16","tag-92","tag-cd","tag-czechy","tag-wagon","tag-wnetrza-pojazdow"],"_links":{"self":[{"href":"http:\/\/wgphoto.pl\/t\/index.php?rest_route=\/wp\/v2\/posts\/13477","targetHints":{"allow":["GET"]}}],"collection":[{"href":"http:\/\/wgphoto.pl\/t\/index.php?rest_route=\/wp\/v2\/posts"}],"about":[{"href":"http:\/\/wgphoto.pl\/t\/index.php?rest_route=\/wp\/v2\/types\/post"}],"author":[{"embeddable":true,"href":"http:\/\/wgphoto.pl\/t\/index.php?rest_route=\/wp\/v2\/users\/1"}],"replies":[{"embeddable":true,"href":"http:\/\/wgphoto.pl\/t\/index.php?rest_route=%2Fwp%2Fv2%2Fcomments&post=13477"}],"version-history":[{"count":1,"href":"http:\/\/wgphoto.pl\/t\/index.php?rest_route=\/wp\/v2\/posts\/13477\/revisions"}],"predecessor-version":[{"id":13479,"href":"http:\/\/wgphoto.pl\/t\/index.php?rest_route=\/wp\/v2\/posts\/13477\/revisions\/13479"}],"wp:featuredmedia":[{"embeddable":true,"href":"http:\/\/wgphoto.pl\/t\/index.php?rest_route=\/wp\/v2\/media\/13478"}],"wp:attachment":[{"href":"http:\/\/wgphoto.pl\/t\/index.php?rest_route=%2Fwp%2Fv2%2Fmedia&parent=13477"}],"wp:term":[{"taxonomy":"category","embeddable":true,"href":"http:\/\/wgphoto.pl\/t\/index.php?rest_route=%2Fwp%2Fv2%2Fcategories&post=13477"},{"taxonomy":"post_tag","embeddable":true,"href":"http:\/\/wgphoto.pl\/t\/index.php?rest_route=%2Fwp%2Fv2%2Ftags&post=13477"}],"curies":[{"name":"wp","href":"https:\/\/api.w.org\/{rel}","templated":true}]}}