{"id":13501,"date":"2025-03-03T21:15:02","date_gmt":"2025-03-03T20:15:02","guid":{"rendered":"https:\/\/wgphoto.pl\/t\/?p=13501"},"modified":"2025-03-03T21:15:02","modified_gmt":"2025-03-03T20:15:02","slug":"brazowy-skaj","status":"publish","type":"post","link":"http:\/\/wgphoto.pl\/t\/?p=13501","title":{"rendered":"Br\u0105zowy skaj"},"content":{"rendered":"\n<figure class=\"wp-block-image aligncenter size-full\"><img loading=\"lazy\" decoding=\"async\" width=\"700\" height=\"1175\" src=\"https:\/\/wgphoto.pl\/t\/wp-content\/uploads\/2025\/03\/imgp5837.jpg\" alt=\"\" class=\"wp-image-13502\" srcset=\"http:\/\/wgphoto.pl\/t\/wp-content\/uploads\/2025\/03\/imgp5837.jpg 700w, http:\/\/wgphoto.pl\/t\/wp-content\/uploads\/2025\/03\/imgp5837-179x300.jpg 179w\" sizes=\"auto, (max-width: 700px) 100vw, 700px\" \/><\/figure>\n\n\n\n<div class=\"wp-block-group has-global-padding is-layout-constrained wp-block-group-is-layout-constrained\">\n<p>Wagon do ruchu regionalnego z w\u0105skimi drzwiami na obu ko\u0144cach pud\u0142a. Przestrze\u0144 pasa\u017cerska jest przedzielona na dwa obszerne przedzia\u0142y. Ciekawostk\u0105 jest mo\u017cliwo\u015b\u0107 ingerencji pasa\u017cer\u00f3w w kwesti\u0119 o\u015bwietlenia wn\u0119trza &#8211; przy ka\u017cdej &#8222;czw\u00f3rce&#8221; mie\u015bci si\u0119 w\u0142\u0105cznik przynale\u017cnej jej lampy. 2010-08-15<\/p>\n<\/div>\n","protected":false},"excerpt":{"rendered":"<p>Wagon do ruchu regionalnego z w\u0105skimi drzwiami na obu ko\u0144cach pud\u0142a. Przestrze\u0144 pasa\u017cerska jest przedzielona na dwa obszerne przedzia\u0142y. Ciekawostk\u0105 jest mo\u017cliwo\u015b\u0107 ingerencji pasa\u017cer\u00f3w w kwesti\u0119 o\u015bwietlenia wn\u0119trza &#8211; przy ka\u017cdej &#8222;czw\u00f3rce&#8221; mie\u015bci si\u0119 w\u0142\u0105cznik przynale\u017cnej jej lampy. 2010-08-15<\/p>\n","protected":false},"author":1,"featured_media":13502,"comment_status":"open","ping_status":"","sticky":false,"template":"","format":"standard","meta":{"footnotes":""},"categories":[220,2,128,86],"tags":[791,50,49,223,265,454],"class_list":["post-13501","post","type-post","status-publish","format-standard","has-post-thumbnail","hentry","category-blo","category-kolej","category-pionowe","category-rok-2010","tag-2010-08-15","tag-cd","tag-czechy","tag-symetria","tag-wagon","tag-wnetrza-pojazdow"],"_links":{"self":[{"href":"http:\/\/wgphoto.pl\/t\/index.php?rest_route=\/wp\/v2\/posts\/13501","targetHints":{"allow":["GET"]}}],"collection":[{"href":"http:\/\/wgphoto.pl\/t\/index.php?rest_route=\/wp\/v2\/posts"}],"about":[{"href":"http:\/\/wgphoto.pl\/t\/index.php?rest_route=\/wp\/v2\/types\/post"}],"author":[{"embeddable":true,"href":"http:\/\/wgphoto.pl\/t\/index.php?rest_route=\/wp\/v2\/users\/1"}],"replies":[{"embeddable":true,"href":"http:\/\/wgphoto.pl\/t\/index.php?rest_route=%2Fwp%2Fv2%2Fcomments&post=13501"}],"version-history":[{"count":1,"href":"http:\/\/wgphoto.pl\/t\/index.php?rest_route=\/wp\/v2\/posts\/13501\/revisions"}],"predecessor-version":[{"id":13503,"href":"http:\/\/wgphoto.pl\/t\/index.php?rest_route=\/wp\/v2\/posts\/13501\/revisions\/13503"}],"wp:featuredmedia":[{"embeddable":true,"href":"http:\/\/wgphoto.pl\/t\/index.php?rest_route=\/wp\/v2\/media\/13502"}],"wp:attachment":[{"href":"http:\/\/wgphoto.pl\/t\/index.php?rest_route=%2Fwp%2Fv2%2Fmedia&parent=13501"}],"wp:term":[{"taxonomy":"category","embeddable":true,"href":"http:\/\/wgphoto.pl\/t\/index.php?rest_route=%2Fwp%2Fv2%2Fcategories&post=13501"},{"taxonomy":"post_tag","embeddable":true,"href":"http:\/\/wgphoto.pl\/t\/index.php?rest_route=%2Fwp%2Fv2%2Ftags&post=13501"}],"curies":[{"name":"wp","href":"https:\/\/api.w.org\/{rel}","templated":true}]}}