{"id":13534,"date":"2025-03-03T21:26:51","date_gmt":"2025-03-03T20:26:51","guid":{"rendered":"https:\/\/wgphoto.pl\/t\/?p=13534"},"modified":"2025-03-03T21:26:51","modified_gmt":"2025-03-03T20:26:51","slug":"nowy-chmjelow","status":"publish","type":"post","link":"http:\/\/wgphoto.pl\/t\/?p=13534","title":{"rendered":"Nowy Chmjelow"},"content":{"rendered":"\n<figure class=\"wp-block-image aligncenter size-full\"><img loading=\"lazy\" decoding=\"async\" width=\"1200\" height=\"803\" src=\"https:\/\/wgphoto.pl\/t\/wp-content\/uploads\/2025\/03\/imgp8362.jpg\" alt=\"\" class=\"wp-image-13535\" srcset=\"http:\/\/wgphoto.pl\/t\/wp-content\/uploads\/2025\/03\/imgp8362.jpg 1200w, http:\/\/wgphoto.pl\/t\/wp-content\/uploads\/2025\/03\/imgp8362-300x201.jpg 300w, http:\/\/wgphoto.pl\/t\/wp-content\/uploads\/2025\/03\/imgp8362-768x514.jpg 768w\" sizes=\"auto, (max-width: 1200px) 100vw, 1200px\" \/><\/figure>\n\n\n\n<div class=\"wp-block-group has-global-padding is-layout-constrained wp-block-group-is-layout-constrained\">\n<p>Wagon KTNF6 137, powyginany jak wi\u0119kszo\u015b\u0107 kat\u00f3wek z nisk\u0105 wstawk\u0105, odjecha\u0142 z przystanku Neue Stra\u00dfe. Jeszcze tylko przystanek Zuschka i za chwil\u0119 dotrze do po\u0142o\u017conej w\u015br\u00f3d enerdowskiej wielkiej p\u0142yty p\u0119tli Neu Schmellwitz, kt\u00f3rej dolno\u0142u\u017cyck\u0105 nazw\u0119 zawar\u0142em w tytule. 20.10.2010<\/p>\n<\/div>\n","protected":false},"excerpt":{"rendered":"<p>Wagon KTNF6 137, powyginany jak wi\u0119kszo\u015b\u0107 kat\u00f3wek z nisk\u0105 wstawk\u0105, odjecha\u0142 z przystanku Neue Stra\u00dfe. Jeszcze tylko przystanek Zuschka i za chwil\u0119 dotrze do po\u0142o\u017conej w\u015br\u00f3d enerdowskiej wielkiej p\u0142yty p\u0119tli Neu Schmellwitz, kt\u00f3rej dolno\u0142u\u017cyck\u0105 nazw\u0119 zawar\u0142em w tytule. 20.10.2010<\/p>\n","protected":false},"author":1,"featured_media":13535,"comment_status":"open","ping_status":"","sticky":false,"template":"","format":"standard","meta":{"footnotes":""},"categories":[86,3],"tags":[2241,2238,2239,13,126,23,2240],"class_list":["post-13534","post","type-post","status-publish","format-standard","has-post-thumbnail","hentry","category-rok-2010","category-tramwaj","tag-2010-10-20","tag-chociebuz","tag-cv-cottbus","tag-deszcz","tag-jesien","tag-niemcy","tag-tatra-ktnf"],"_links":{"self":[{"href":"http:\/\/wgphoto.pl\/t\/index.php?rest_route=\/wp\/v2\/posts\/13534","targetHints":{"allow":["GET"]}}],"collection":[{"href":"http:\/\/wgphoto.pl\/t\/index.php?rest_route=\/wp\/v2\/posts"}],"about":[{"href":"http:\/\/wgphoto.pl\/t\/index.php?rest_route=\/wp\/v2\/types\/post"}],"author":[{"embeddable":true,"href":"http:\/\/wgphoto.pl\/t\/index.php?rest_route=\/wp\/v2\/users\/1"}],"replies":[{"embeddable":true,"href":"http:\/\/wgphoto.pl\/t\/index.php?rest_route=%2Fwp%2Fv2%2Fcomments&post=13534"}],"version-history":[{"count":1,"href":"http:\/\/wgphoto.pl\/t\/index.php?rest_route=\/wp\/v2\/posts\/13534\/revisions"}],"predecessor-version":[{"id":13536,"href":"http:\/\/wgphoto.pl\/t\/index.php?rest_route=\/wp\/v2\/posts\/13534\/revisions\/13536"}],"wp:featuredmedia":[{"embeddable":true,"href":"http:\/\/wgphoto.pl\/t\/index.php?rest_route=\/wp\/v2\/media\/13535"}],"wp:attachment":[{"href":"http:\/\/wgphoto.pl\/t\/index.php?rest_route=%2Fwp%2Fv2%2Fmedia&parent=13534"}],"wp:term":[{"taxonomy":"category","embeddable":true,"href":"http:\/\/wgphoto.pl\/t\/index.php?rest_route=%2Fwp%2Fv2%2Fcategories&post=13534"},{"taxonomy":"post_tag","embeddable":true,"href":"http:\/\/wgphoto.pl\/t\/index.php?rest_route=%2Fwp%2Fv2%2Ftags&post=13534"}],"curies":[{"name":"wp","href":"https:\/\/api.w.org\/{rel}","templated":true}]}}