{"id":13540,"date":"2025-03-03T21:30:14","date_gmt":"2025-03-03T20:30:14","guid":{"rendered":"https:\/\/wgphoto.pl\/t\/?p=13540"},"modified":"2025-03-03T21:30:14","modified_gmt":"2025-03-03T20:30:14","slug":"diamentowa-wieza","status":"publish","type":"post","link":"http:\/\/wgphoto.pl\/t\/?p=13540","title":{"rendered":"Diamentowa wie\u017ca"},"content":{"rendered":"\n<figure class=\"wp-block-image aligncenter size-full\"><img loading=\"lazy\" decoding=\"async\" width=\"1050\" height=\"800\" src=\"https:\/\/wgphoto.pl\/t\/wp-content\/uploads\/2025\/03\/IMGP1140b.jpg\" alt=\"\" class=\"wp-image-13541\" srcset=\"http:\/\/wgphoto.pl\/t\/wp-content\/uploads\/2025\/03\/IMGP1140b.jpg 1050w, http:\/\/wgphoto.pl\/t\/wp-content\/uploads\/2025\/03\/IMGP1140b-300x229.jpg 300w, http:\/\/wgphoto.pl\/t\/wp-content\/uploads\/2025\/03\/IMGP1140b-768x585.jpg 768w\" sizes=\"auto, (max-width: 1050px) 100vw, 1050px\" \/><\/figure>\n\n\n\n<div class=\"wp-block-group has-global-padding is-layout-constrained wp-block-group-is-layout-constrained\">\n<p>Mediolan, Piazza San Gioachimo. Sirio mija Torre Diamante &#8211; przedstawiciela mediola\u0144skiej dzielnicy wie\u017cowc\u00f3w. 14.08.2015<\/p>\n<\/div>\n","protected":false},"excerpt":{"rendered":"<p>Mediolan, Piazza San Gioachimo. Sirio mija Torre Diamante &#8211; przedstawiciela mediola\u0144skiej dzielnicy wie\u017cowc\u00f3w. 14.08.2015<\/p>\n","protected":false},"author":1,"featured_media":13541,"comment_status":"open","ping_status":"","sticky":false,"template":"","format":"standard","meta":{"footnotes":""},"categories":[104,3],"tags":[1060,34,834,835,831,107,110],"class_list":["post-13540","post","type-post","status-publish","format-standard","has-post-thumbnail","hentry","category-rok-2015","category-tramwaj","tag-2015-08-14","tag-architektura","tag-atm-milano","tag-mediolan","tag-sirio","tag-wakacje-2015","tag-wlochy"],"_links":{"self":[{"href":"http:\/\/wgphoto.pl\/t\/index.php?rest_route=\/wp\/v2\/posts\/13540","targetHints":{"allow":["GET"]}}],"collection":[{"href":"http:\/\/wgphoto.pl\/t\/index.php?rest_route=\/wp\/v2\/posts"}],"about":[{"href":"http:\/\/wgphoto.pl\/t\/index.php?rest_route=\/wp\/v2\/types\/post"}],"author":[{"embeddable":true,"href":"http:\/\/wgphoto.pl\/t\/index.php?rest_route=\/wp\/v2\/users\/1"}],"replies":[{"embeddable":true,"href":"http:\/\/wgphoto.pl\/t\/index.php?rest_route=%2Fwp%2Fv2%2Fcomments&post=13540"}],"version-history":[{"count":1,"href":"http:\/\/wgphoto.pl\/t\/index.php?rest_route=\/wp\/v2\/posts\/13540\/revisions"}],"predecessor-version":[{"id":13542,"href":"http:\/\/wgphoto.pl\/t\/index.php?rest_route=\/wp\/v2\/posts\/13540\/revisions\/13542"}],"wp:featuredmedia":[{"embeddable":true,"href":"http:\/\/wgphoto.pl\/t\/index.php?rest_route=\/wp\/v2\/media\/13541"}],"wp:attachment":[{"href":"http:\/\/wgphoto.pl\/t\/index.php?rest_route=%2Fwp%2Fv2%2Fmedia&parent=13540"}],"wp:term":[{"taxonomy":"category","embeddable":true,"href":"http:\/\/wgphoto.pl\/t\/index.php?rest_route=%2Fwp%2Fv2%2Fcategories&post=13540"},{"taxonomy":"post_tag","embeddable":true,"href":"http:\/\/wgphoto.pl\/t\/index.php?rest_route=%2Fwp%2Fv2%2Ftags&post=13540"}],"curies":[{"name":"wp","href":"https:\/\/api.w.org\/{rel}","templated":true}]}}