{"id":13543,"date":"2025-03-04T17:28:26","date_gmt":"2025-03-04T16:28:26","guid":{"rendered":"https:\/\/wgphoto.pl\/t\/?p=13543"},"modified":"2025-03-04T17:28:26","modified_gmt":"2025-03-04T16:28:26","slug":"bim-unterwegs","status":"publish","type":"post","link":"http:\/\/wgphoto.pl\/t\/?p=13543","title":{"rendered":"Bim unterwegs"},"content":{"rendered":"\n<figure class=\"wp-block-image aligncenter size-full\"><img loading=\"lazy\" decoding=\"async\" width=\"1300\" height=\"862\" src=\"https:\/\/wgphoto.pl\/t\/wp-content\/uploads\/2025\/03\/2002r1-24.jpg\" alt=\"\" class=\"wp-image-13544\" srcset=\"http:\/\/wgphoto.pl\/t\/wp-content\/uploads\/2025\/03\/2002r1-24.jpg 1300w, http:\/\/wgphoto.pl\/t\/wp-content\/uploads\/2025\/03\/2002r1-24-300x199.jpg 300w, http:\/\/wgphoto.pl\/t\/wp-content\/uploads\/2025\/03\/2002r1-24-768x509.jpg 768w\" sizes=\"auto, (max-width: 1300px) 100vw, 1300px\" \/><\/figure>\n\n\n\n<div class=\"wp-block-group has-global-padding is-layout-constrained wp-block-group-is-layout-constrained\">\n<p>Sk\u0142ad E<sub>1<\/sub>+c<sub>3<\/sub> 4752+1261 obje\u017cd\u017ca p\u0119tl\u0119 Leopoldau w Wiedniu, rozpoczynaj\u0105c kolejny kurs linii 25 w kierunku Aspern. Wagony zosta\u0142y skasowane odpowiednio w latach 2014 i 2017 (w tym te\u017c roku w og\u00f3le wycofano w Wiedniu seri\u0119 c<sub>3<\/sub>), a ruch tramwajowy do Leopoldau zawieszono w roku 2006 z chwil\u0105 otwarcia nowego odcinka metra. [23.07.2002]<\/p>\n<\/div>\n","protected":false},"excerpt":{"rendered":"<p>Sk\u0142ad E1+c3 4752+1261 obje\u017cd\u017ca p\u0119tl\u0119 Leopoldau w Wiedniu, rozpoczynaj\u0105c kolejny kurs linii 25 w kierunku Aspern. Wagony zosta\u0142y skasowane odpowiednio w latach 2014 i 2017 (w tym te\u017c roku w og\u00f3le wycofano w Wiedniu seri\u0119 c3), a ruch tramwajowy do Leopoldau zawieszono w roku 2006 z chwil\u0105 otwarcia nowego odcinka metra. [23.07.2002]<\/p>\n","protected":false},"author":1,"featured_media":13544,"comment_status":"open","ping_status":"","sticky":false,"template":"","format":"standard","meta":{"footnotes":""},"categories":[62,577,3],"tags":[1626,9,102,101,97,98],"class_list":["post-13543","post","type-post","status-publish","format-standard","has-post-thumbnail","hentry","category-analog","category-rok-2002","category-tramwaj","tag-2002-07-23","tag-austria","tag-e1","tag-gt6","tag-wieden","tag-wiener-linien"],"_links":{"self":[{"href":"http:\/\/wgphoto.pl\/t\/index.php?rest_route=\/wp\/v2\/posts\/13543","targetHints":{"allow":["GET"]}}],"collection":[{"href":"http:\/\/wgphoto.pl\/t\/index.php?rest_route=\/wp\/v2\/posts"}],"about":[{"href":"http:\/\/wgphoto.pl\/t\/index.php?rest_route=\/wp\/v2\/types\/post"}],"author":[{"embeddable":true,"href":"http:\/\/wgphoto.pl\/t\/index.php?rest_route=\/wp\/v2\/users\/1"}],"replies":[{"embeddable":true,"href":"http:\/\/wgphoto.pl\/t\/index.php?rest_route=%2Fwp%2Fv2%2Fcomments&post=13543"}],"version-history":[{"count":1,"href":"http:\/\/wgphoto.pl\/t\/index.php?rest_route=\/wp\/v2\/posts\/13543\/revisions"}],"predecessor-version":[{"id":13545,"href":"http:\/\/wgphoto.pl\/t\/index.php?rest_route=\/wp\/v2\/posts\/13543\/revisions\/13545"}],"wp:featuredmedia":[{"embeddable":true,"href":"http:\/\/wgphoto.pl\/t\/index.php?rest_route=\/wp\/v2\/media\/13544"}],"wp:attachment":[{"href":"http:\/\/wgphoto.pl\/t\/index.php?rest_route=%2Fwp%2Fv2%2Fmedia&parent=13543"}],"wp:term":[{"taxonomy":"category","embeddable":true,"href":"http:\/\/wgphoto.pl\/t\/index.php?rest_route=%2Fwp%2Fv2%2Fcategories&post=13543"},{"taxonomy":"post_tag","embeddable":true,"href":"http:\/\/wgphoto.pl\/t\/index.php?rest_route=%2Fwp%2Fv2%2Ftags&post=13543"}],"curies":[{"name":"wp","href":"https:\/\/api.w.org\/{rel}","templated":true}]}}