{"id":13546,"date":"2025-03-04T17:29:23","date_gmt":"2025-03-04T16:29:23","guid":{"rendered":"https:\/\/wgphoto.pl\/t\/?p=13546"},"modified":"2025-03-04T17:29:23","modified_gmt":"2025-03-04T16:29:23","slug":"kujawiak-w-stolicy","status":"publish","type":"post","link":"http:\/\/wgphoto.pl\/t\/?p=13546","title":{"rendered":"Kujawiak w stolicy"},"content":{"rendered":"\n<figure class=\"wp-block-image aligncenter size-full\"><img loading=\"lazy\" decoding=\"async\" width=\"1300\" height=\"862\" src=\"https:\/\/wgphoto.pl\/t\/wp-content\/uploads\/2025\/03\/0320-32.jpg\" alt=\"\" class=\"wp-image-13547\" srcset=\"http:\/\/wgphoto.pl\/t\/wp-content\/uploads\/2025\/03\/0320-32.jpg 1300w, http:\/\/wgphoto.pl\/t\/wp-content\/uploads\/2025\/03\/0320-32-300x199.jpg 300w, http:\/\/wgphoto.pl\/t\/wp-content\/uploads\/2025\/03\/0320-32-768x509.jpg 768w\" sizes=\"auto, (max-width: 1300px) 100vw, 1300px\" \/><\/figure>\n\n\n\n<div class=\"wp-block-group has-global-padding is-layout-constrained wp-block-group-is-layout-constrained\">\n<p>EP08-007 z poci\u0105giem Ex &#8222;Kujawiak&#8221; z Warszawy Wschodniej do Bydgoszczy G\u0142\u00f3wnej na mo\u015bcie \u015brednicowym w Warszawie. Tyle uda\u0142o mi si\u0119 zrobi\u0107 w ramach OKP. [11.07.2003]<\/p>\n<\/div>\n","protected":false},"excerpt":{"rendered":"<p>EP08-007 z poci\u0105giem Ex &#8222;Kujawiak&#8221; z Warszawy Wschodniej do Bydgoszczy G\u0142\u00f3wnej na mo\u015bcie \u015brednicowym w Warszawie. Tyle uda\u0142o mi si\u0119 zrobi\u0107 w ramach OKP. [11.07.2003]<\/p>\n","protected":false},"author":1,"featured_media":13547,"comment_status":"open","ping_status":"","sticky":false,"template":"","format":"standard","meta":{"footnotes":""},"categories":[62,2,149],"tags":[3337,225,45,63,27,1669,954,1667,3338],"class_list":["post-13546","post","type-post","status-publish","format-standard","has-post-thumbnail","hentry","category-analog","category-kolej","category-rok-2003","tag-2003-07-11","tag-ep08","tag-most","tag-pkp","tag-polska","tag-tab-pl600","tag-warszawa","tag-warszawa-centralna","tag-warszawa-wschodnia"],"_links":{"self":[{"href":"http:\/\/wgphoto.pl\/t\/index.php?rest_route=\/wp\/v2\/posts\/13546","targetHints":{"allow":["GET"]}}],"collection":[{"href":"http:\/\/wgphoto.pl\/t\/index.php?rest_route=\/wp\/v2\/posts"}],"about":[{"href":"http:\/\/wgphoto.pl\/t\/index.php?rest_route=\/wp\/v2\/types\/post"}],"author":[{"embeddable":true,"href":"http:\/\/wgphoto.pl\/t\/index.php?rest_route=\/wp\/v2\/users\/1"}],"replies":[{"embeddable":true,"href":"http:\/\/wgphoto.pl\/t\/index.php?rest_route=%2Fwp%2Fv2%2Fcomments&post=13546"}],"version-history":[{"count":1,"href":"http:\/\/wgphoto.pl\/t\/index.php?rest_route=\/wp\/v2\/posts\/13546\/revisions"}],"predecessor-version":[{"id":13548,"href":"http:\/\/wgphoto.pl\/t\/index.php?rest_route=\/wp\/v2\/posts\/13546\/revisions\/13548"}],"wp:featuredmedia":[{"embeddable":true,"href":"http:\/\/wgphoto.pl\/t\/index.php?rest_route=\/wp\/v2\/media\/13547"}],"wp:attachment":[{"href":"http:\/\/wgphoto.pl\/t\/index.php?rest_route=%2Fwp%2Fv2%2Fmedia&parent=13546"}],"wp:term":[{"taxonomy":"category","embeddable":true,"href":"http:\/\/wgphoto.pl\/t\/index.php?rest_route=%2Fwp%2Fv2%2Fcategories&post=13546"},{"taxonomy":"post_tag","embeddable":true,"href":"http:\/\/wgphoto.pl\/t\/index.php?rest_route=%2Fwp%2Fv2%2Ftags&post=13546"}],"curies":[{"name":"wp","href":"https:\/\/api.w.org\/{rel}","templated":true}]}}