{"id":13576,"date":"2025-03-04T17:42:08","date_gmt":"2025-03-04T16:42:08","guid":{"rendered":"https:\/\/wgphoto.pl\/t\/?p=13576"},"modified":"2025-03-04T17:42:08","modified_gmt":"2025-03-04T16:42:08","slug":"kawalek-stopiatki-zza-krzaka","status":"publish","type":"post","link":"http:\/\/wgphoto.pl\/t\/?p=13576","title":{"rendered":"Kawa\u0142ek stopi\u0105tki zza krzaka"},"content":{"rendered":"\n<figure class=\"wp-block-image aligncenter size-full\"><img loading=\"lazy\" decoding=\"async\" width=\"773\" height=\"1000\" src=\"https:\/\/wgphoto.pl\/t\/wp-content\/uploads\/2025\/03\/0620-31.jpg\" alt=\"\" class=\"wp-image-13577\" srcset=\"http:\/\/wgphoto.pl\/t\/wp-content\/uploads\/2025\/03\/0620-31.jpg 773w, http:\/\/wgphoto.pl\/t\/wp-content\/uploads\/2025\/03\/0620-31-232x300.jpg 232w, http:\/\/wgphoto.pl\/t\/wp-content\/uploads\/2025\/03\/0620-31-768x994.jpg 768w\" sizes=\"auto, (max-width: 773px) 100vw, 773px\" \/><\/figure>\n\n\n\n<div class=\"wp-block-group has-global-padding is-layout-constrained wp-block-group-is-layout-constrained\">\n<p>Wroc\u0142aw, p\u0119tla Grabiszynek. Sk\u0142ad 105Na 2478+2479 wje\u017cd\u017ca tu w ramach chwilowego objazdu, st\u0105d te\u017c bia\u0142a, a nie \u017c\u00f3\u0142ta, tablica z numerem linii. [23.08.2006]<\/p>\n<\/div>\n","protected":false},"excerpt":{"rendered":"<p>Wroc\u0142aw, p\u0119tla Grabiszynek. Sk\u0142ad 105Na 2478+2479 wje\u017cd\u017ca tu w ramach chwilowego objazdu, st\u0105d te\u017c bia\u0142a, a nie \u017c\u00f3\u0142ta, tablica z numerem linii. [23.08.2006]<\/p>\n","protected":false},"author":1,"featured_media":13577,"comment_status":"open","ping_status":"","sticky":false,"template":"","format":"standard","meta":{"footnotes":""},"categories":[62,128,130,3],"tags":[155,3343,42,27,41],"class_list":["post-13576","post","type-post","status-publish","format-standard","has-post-thumbnail","hentry","category-analog","category-pionowe","category-rok-2006","category-tramwaj","tag-105na","tag-2006-08-23","tag-mpk-wroclaw","tag-polska","tag-wroclaw"],"_links":{"self":[{"href":"http:\/\/wgphoto.pl\/t\/index.php?rest_route=\/wp\/v2\/posts\/13576","targetHints":{"allow":["GET"]}}],"collection":[{"href":"http:\/\/wgphoto.pl\/t\/index.php?rest_route=\/wp\/v2\/posts"}],"about":[{"href":"http:\/\/wgphoto.pl\/t\/index.php?rest_route=\/wp\/v2\/types\/post"}],"author":[{"embeddable":true,"href":"http:\/\/wgphoto.pl\/t\/index.php?rest_route=\/wp\/v2\/users\/1"}],"replies":[{"embeddable":true,"href":"http:\/\/wgphoto.pl\/t\/index.php?rest_route=%2Fwp%2Fv2%2Fcomments&post=13576"}],"version-history":[{"count":1,"href":"http:\/\/wgphoto.pl\/t\/index.php?rest_route=\/wp\/v2\/posts\/13576\/revisions"}],"predecessor-version":[{"id":13578,"href":"http:\/\/wgphoto.pl\/t\/index.php?rest_route=\/wp\/v2\/posts\/13576\/revisions\/13578"}],"wp:featuredmedia":[{"embeddable":true,"href":"http:\/\/wgphoto.pl\/t\/index.php?rest_route=\/wp\/v2\/media\/13577"}],"wp:attachment":[{"href":"http:\/\/wgphoto.pl\/t\/index.php?rest_route=%2Fwp%2Fv2%2Fmedia&parent=13576"}],"wp:term":[{"taxonomy":"category","embeddable":true,"href":"http:\/\/wgphoto.pl\/t\/index.php?rest_route=%2Fwp%2Fv2%2Fcategories&post=13576"},{"taxonomy":"post_tag","embeddable":true,"href":"http:\/\/wgphoto.pl\/t\/index.php?rest_route=%2Fwp%2Fv2%2Ftags&post=13576"}],"curies":[{"name":"wp","href":"https:\/\/api.w.org\/{rel}","templated":true}]}}