{"id":13579,"date":"2025-03-04T17:43:25","date_gmt":"2025-03-04T16:43:25","guid":{"rendered":"https:\/\/wgphoto.pl\/t\/?p=13579"},"modified":"2025-03-04T17:43:25","modified_gmt":"2025-03-04T16:43:25","slug":"uff-jak-goraco","status":"publish","type":"post","link":"http:\/\/wgphoto.pl\/t\/?p=13579","title":{"rendered":"Uff jak gor\u0105co"},"content":{"rendered":"\n<figure class=\"wp-block-image aligncenter size-full\"><img loading=\"lazy\" decoding=\"async\" width=\"1300\" height=\"862\" src=\"https:\/\/wgphoto.pl\/t\/wp-content\/uploads\/2025\/03\/0534-03.jpg\" alt=\"\" class=\"wp-image-13580\" srcset=\"http:\/\/wgphoto.pl\/t\/wp-content\/uploads\/2025\/03\/0534-03.jpg 1300w, http:\/\/wgphoto.pl\/t\/wp-content\/uploads\/2025\/03\/0534-03-300x199.jpg 300w, http:\/\/wgphoto.pl\/t\/wp-content\/uploads\/2025\/03\/0534-03-768x509.jpg 768w\" sizes=\"auto, (max-width: 1300px) 100vw, 1300px\" \/><\/figure>\n\n\n\n<div class=\"wp-block-group has-global-padding is-layout-constrained wp-block-group-is-layout-constrained\">\n<p>Wroc\u0142aw, pl. Staszica, sk\u0142ady 105Na 2300+2301 i 105NWr 2308+2309 podczas postoj\u00f3w wyr\u00f3wnawczych zer\u00f3wek. W tramwajach pewnie nie by\u0142o wcale a\u017c tak gor\u0105co, skoro przez kilkana\u015bcie minut sta\u0142y z otwartymi drzwiami. [29.12.2005]<\/p>\n<\/div>\n","protected":false},"excerpt":{"rendered":"<p>Wroc\u0142aw, pl. Staszica, sk\u0142ady 105Na 2300+2301 i 105NWr 2308+2309 podczas postoj\u00f3w wyr\u00f3wnawczych zer\u00f3wek. W tramwajach pewnie nie by\u0142o wcale a\u017c tak gor\u0105co, skoro przez kilkana\u015bcie minut sta\u0142y z otwartymi drzwiami. [29.12.2005]<\/p>\n","protected":false},"author":1,"featured_media":13580,"comment_status":"open","ping_status":"","sticky":false,"template":"","format":"standard","meta":{"footnotes":""},"categories":[62,311,3],"tags":[155,43,3344,42,27,44,41],"class_list":["post-13579","post","type-post","status-publish","format-standard","has-post-thumbnail","hentry","category-analog","category-rok-2005","category-tramwaj","tag-105na","tag-105nwr","tag-2005-12-29","tag-mpk-wroclaw","tag-polska","tag-snieg","tag-wroclaw"],"_links":{"self":[{"href":"http:\/\/wgphoto.pl\/t\/index.php?rest_route=\/wp\/v2\/posts\/13579","targetHints":{"allow":["GET"]}}],"collection":[{"href":"http:\/\/wgphoto.pl\/t\/index.php?rest_route=\/wp\/v2\/posts"}],"about":[{"href":"http:\/\/wgphoto.pl\/t\/index.php?rest_route=\/wp\/v2\/types\/post"}],"author":[{"embeddable":true,"href":"http:\/\/wgphoto.pl\/t\/index.php?rest_route=\/wp\/v2\/users\/1"}],"replies":[{"embeddable":true,"href":"http:\/\/wgphoto.pl\/t\/index.php?rest_route=%2Fwp%2Fv2%2Fcomments&post=13579"}],"version-history":[{"count":1,"href":"http:\/\/wgphoto.pl\/t\/index.php?rest_route=\/wp\/v2\/posts\/13579\/revisions"}],"predecessor-version":[{"id":13581,"href":"http:\/\/wgphoto.pl\/t\/index.php?rest_route=\/wp\/v2\/posts\/13579\/revisions\/13581"}],"wp:featuredmedia":[{"embeddable":true,"href":"http:\/\/wgphoto.pl\/t\/index.php?rest_route=\/wp\/v2\/media\/13580"}],"wp:attachment":[{"href":"http:\/\/wgphoto.pl\/t\/index.php?rest_route=%2Fwp%2Fv2%2Fmedia&parent=13579"}],"wp:term":[{"taxonomy":"category","embeddable":true,"href":"http:\/\/wgphoto.pl\/t\/index.php?rest_route=%2Fwp%2Fv2%2Fcategories&post=13579"},{"taxonomy":"post_tag","embeddable":true,"href":"http:\/\/wgphoto.pl\/t\/index.php?rest_route=%2Fwp%2Fv2%2Ftags&post=13579"}],"curies":[{"name":"wp","href":"https:\/\/api.w.org\/{rel}","templated":true}]}}