{"id":13582,"date":"2025-03-04T17:44:50","date_gmt":"2025-03-04T16:44:50","guid":{"rendered":"https:\/\/wgphoto.pl\/t\/?p=13582"},"modified":"2025-03-04T17:44:50","modified_gmt":"2025-03-04T16:44:50","slug":"tornado-u-sylwestra","status":"publish","type":"post","link":"http:\/\/wgphoto.pl\/t\/?p=13582","title":{"rendered":"Tornado u Sylwestra"},"content":{"rendered":"\n<figure class=\"wp-block-image aligncenter size-full\"><img loading=\"lazy\" decoding=\"async\" width=\"1300\" height=\"862\" src=\"https:\/\/wgphoto.pl\/t\/wp-content\/uploads\/2025\/03\/0601-01.jpg\" alt=\"\" class=\"wp-image-13583\" srcset=\"http:\/\/wgphoto.pl\/t\/wp-content\/uploads\/2025\/03\/0601-01.jpg 1300w, http:\/\/wgphoto.pl\/t\/wp-content\/uploads\/2025\/03\/0601-01-300x199.jpg 300w, http:\/\/wgphoto.pl\/t\/wp-content\/uploads\/2025\/03\/0601-01-768x509.jpg 768w\" sizes=\"auto, (max-width: 1300px) 100vw, 1300px\" \/><\/figure>\n\n\n\n<div class=\"wp-block-group has-global-padding is-layout-constrained wp-block-group-is-layout-constrained\">\n<p>460.064-9 na ko\u0144cu sk\u0142adu stoi w sylwestrowy wiecz\u00f3r na stacji w Czeskim Cieszynie. [31.12.2005]<\/p>\n<\/div>\n","protected":false},"excerpt":{"rendered":"<p>460.064-9 na ko\u0144cu sk\u0142adu stoi w sylwestrowy wiecz\u00f3r na stacji w Czeskim Cieszynie. [31.12.2005]<\/p>\n","protected":false},"author":1,"featured_media":13583,"comment_status":"open","ping_status":"","sticky":false,"template":"","format":"standard","meta":{"footnotes":""},"categories":[62,2,311],"tags":[2059,1398,3348,49,173,154,44,3347],"class_list":["post-13582","post","type-post","status-publish","format-standard","has-post-thumbnail","hentry","category-analog","category-kolej","category-rok-2005","tag-2005-12-31","tag-1398","tag-cesky-tesin","tag-czechy","tag-koncowki","tag-noc","tag-snieg","tag-tab-cz320"],"_links":{"self":[{"href":"http:\/\/wgphoto.pl\/t\/index.php?rest_route=\/wp\/v2\/posts\/13582","targetHints":{"allow":["GET"]}}],"collection":[{"href":"http:\/\/wgphoto.pl\/t\/index.php?rest_route=\/wp\/v2\/posts"}],"about":[{"href":"http:\/\/wgphoto.pl\/t\/index.php?rest_route=\/wp\/v2\/types\/post"}],"author":[{"embeddable":true,"href":"http:\/\/wgphoto.pl\/t\/index.php?rest_route=\/wp\/v2\/users\/1"}],"replies":[{"embeddable":true,"href":"http:\/\/wgphoto.pl\/t\/index.php?rest_route=%2Fwp%2Fv2%2Fcomments&post=13582"}],"version-history":[{"count":1,"href":"http:\/\/wgphoto.pl\/t\/index.php?rest_route=\/wp\/v2\/posts\/13582\/revisions"}],"predecessor-version":[{"id":13584,"href":"http:\/\/wgphoto.pl\/t\/index.php?rest_route=\/wp\/v2\/posts\/13582\/revisions\/13584"}],"wp:featuredmedia":[{"embeddable":true,"href":"http:\/\/wgphoto.pl\/t\/index.php?rest_route=\/wp\/v2\/media\/13583"}],"wp:attachment":[{"href":"http:\/\/wgphoto.pl\/t\/index.php?rest_route=%2Fwp%2Fv2%2Fmedia&parent=13582"}],"wp:term":[{"taxonomy":"category","embeddable":true,"href":"http:\/\/wgphoto.pl\/t\/index.php?rest_route=%2Fwp%2Fv2%2Fcategories&post=13582"},{"taxonomy":"post_tag","embeddable":true,"href":"http:\/\/wgphoto.pl\/t\/index.php?rest_route=%2Fwp%2Fv2%2Ftags&post=13582"}],"curies":[{"name":"wp","href":"https:\/\/api.w.org\/{rel}","templated":true}]}}