{"id":13597,"date":"2025-03-04T17:51:55","date_gmt":"2025-03-04T16:51:55","guid":{"rendered":"https:\/\/wgphoto.pl\/t\/?p=13597"},"modified":"2025-03-04T17:51:55","modified_gmt":"2025-03-04T16:51:55","slug":"uwaga-bajtle","status":"publish","type":"post","link":"http:\/\/wgphoto.pl\/t\/?p=13597","title":{"rendered":"Uwaga bajtle"},"content":{"rendered":"\n<figure class=\"wp-block-image aligncenter size-full\"><img loading=\"lazy\" decoding=\"async\" width=\"1300\" height=\"861\" src=\"https:\/\/wgphoto.pl\/t\/wp-content\/uploads\/2025\/03\/IMGP7073.jpg\" alt=\"\" class=\"wp-image-13598\" srcset=\"http:\/\/wgphoto.pl\/t\/wp-content\/uploads\/2025\/03\/IMGP7073.jpg 1300w, http:\/\/wgphoto.pl\/t\/wp-content\/uploads\/2025\/03\/IMGP7073-300x199.jpg 300w, http:\/\/wgphoto.pl\/t\/wp-content\/uploads\/2025\/03\/IMGP7073-768x509.jpg 768w\" sizes=\"auto, (max-width: 1300px) 100vw, 1300px\" \/><\/figure>\n\n\n\n<div class=\"wp-block-group has-global-padding is-layout-constrained wp-block-group-is-layout-constrained\">\n<p>Bytom-Bobrek, ul. Konstytucji, sk\u0142ad 105N-HF11AC 675+676. Jak wida\u0107, niekt\u00f3re znaki drogowe bior\u0105 si\u0119 prosto z \u017cycia. \ud83d\ude42 [19.04.2022]<\/p>\n<\/div>\n","protected":false},"excerpt":{"rendered":"<p>Bytom-Bobrek, ul. Konstytucji, sk\u0142ad 105N-HF11AC 675+676. Jak wida\u0107, niekt\u00f3re znaki drogowe bior\u0105 si\u0119 prosto z \u017cycia. \ud83d\ude42 [19.04.2022]<\/p>\n","protected":false},"author":1,"featured_media":13598,"comment_status":"open","ping_status":"","sticky":false,"template":"","format":"standard","meta":{"footnotes":""},"categories":[669,3],"tags":[155,2130,1232,277,151,546,27,279],"class_list":["post-13597","post","type-post","status-publish","format-standard","has-post-thumbnail","hentry","category-rok-2022","category-tramwaj","tag-105na","tag-2022-04-19","tag-bytom","tag-gop","tag-ludzie","tag-moderus-alfa","tag-polska","tag-tramwaje-slaskie"],"_links":{"self":[{"href":"http:\/\/wgphoto.pl\/t\/index.php?rest_route=\/wp\/v2\/posts\/13597","targetHints":{"allow":["GET"]}}],"collection":[{"href":"http:\/\/wgphoto.pl\/t\/index.php?rest_route=\/wp\/v2\/posts"}],"about":[{"href":"http:\/\/wgphoto.pl\/t\/index.php?rest_route=\/wp\/v2\/types\/post"}],"author":[{"embeddable":true,"href":"http:\/\/wgphoto.pl\/t\/index.php?rest_route=\/wp\/v2\/users\/1"}],"replies":[{"embeddable":true,"href":"http:\/\/wgphoto.pl\/t\/index.php?rest_route=%2Fwp%2Fv2%2Fcomments&post=13597"}],"version-history":[{"count":1,"href":"http:\/\/wgphoto.pl\/t\/index.php?rest_route=\/wp\/v2\/posts\/13597\/revisions"}],"predecessor-version":[{"id":13599,"href":"http:\/\/wgphoto.pl\/t\/index.php?rest_route=\/wp\/v2\/posts\/13597\/revisions\/13599"}],"wp:featuredmedia":[{"embeddable":true,"href":"http:\/\/wgphoto.pl\/t\/index.php?rest_route=\/wp\/v2\/media\/13598"}],"wp:attachment":[{"href":"http:\/\/wgphoto.pl\/t\/index.php?rest_route=%2Fwp%2Fv2%2Fmedia&parent=13597"}],"wp:term":[{"taxonomy":"category","embeddable":true,"href":"http:\/\/wgphoto.pl\/t\/index.php?rest_route=%2Fwp%2Fv2%2Fcategories&post=13597"},{"taxonomy":"post_tag","embeddable":true,"href":"http:\/\/wgphoto.pl\/t\/index.php?rest_route=%2Fwp%2Fv2%2Ftags&post=13597"}],"curies":[{"name":"wp","href":"https:\/\/api.w.org\/{rel}","templated":true}]}}