{"id":13609,"date":"2025-03-04T18:38:07","date_gmt":"2025-03-04T17:38:07","guid":{"rendered":"https:\/\/wgphoto.pl\/t\/?p=13609"},"modified":"2025-03-04T18:38:07","modified_gmt":"2025-03-04T17:38:07","slug":"barcelona-franca","status":"publish","type":"post","link":"http:\/\/wgphoto.pl\/t\/?p=13609","title":{"rendered":"Barcelona Fran\u00e7a"},"content":{"rendered":"\n<figure class=\"wp-block-image aligncenter size-full\"><img loading=\"lazy\" decoding=\"async\" width=\"1200\" height=\"803\" src=\"https:\/\/wgphoto.pl\/t\/wp-content\/uploads\/2025\/03\/IMGP0802.jpg\" alt=\"\" class=\"wp-image-13610\" srcset=\"http:\/\/wgphoto.pl\/t\/wp-content\/uploads\/2025\/03\/IMGP0802.jpg 1200w, http:\/\/wgphoto.pl\/t\/wp-content\/uploads\/2025\/03\/IMGP0802-300x201.jpg 300w, http:\/\/wgphoto.pl\/t\/wp-content\/uploads\/2025\/03\/IMGP0802-768x514.jpg 768w\" sizes=\"auto, (max-width: 1200px) 100vw, 1200px\" \/><\/figure>\n\n\n\n<div class=\"wp-block-group has-global-padding is-layout-constrained wp-block-group-is-layout-constrained\">\n<p>Z cyklu: nie wiem co, wiem tylko gdzie. Tytu\u0142owa stacja charakteryzuje si\u0119 ciekaw\u0105, po\u0142o\u017con\u0105 w \u0142uku hal\u0105 peronow\u0105, czego na zdj\u0119ciu oczywi\u015bcie nie wida\u0107. 02.12.2012<\/p>\n<\/div>\n","protected":false},"excerpt":{"rendered":"<p>Z cyklu: nie wiem co, wiem tylko gdzie. Tytu\u0142owa stacja charakteryzuje si\u0119 ciekaw\u0105, po\u0142o\u017con\u0105 w \u0142uku hal\u0105 peronow\u0105, czego na zdj\u0119ciu oczywi\u015bcie nie wida\u0107. 02.12.2012<\/p>\n","protected":false},"author":1,"featured_media":13610,"comment_status":"open","ping_status":"","sticky":false,"template":"","format":"standard","meta":{"footnotes":""},"categories":[2,46],"tags":[3295,1086,179,159,173,2977],"class_list":["post-13609","post","type-post","status-publish","format-standard","has-post-thumbnail","hentry","category-kolej","category-rok-2012","tag-2012-12-02","tag-barcelona","tag-hala-peronowa","tag-hiszpania","tag-koncowki","tag-renfe"],"_links":{"self":[{"href":"http:\/\/wgphoto.pl\/t\/index.php?rest_route=\/wp\/v2\/posts\/13609","targetHints":{"allow":["GET"]}}],"collection":[{"href":"http:\/\/wgphoto.pl\/t\/index.php?rest_route=\/wp\/v2\/posts"}],"about":[{"href":"http:\/\/wgphoto.pl\/t\/index.php?rest_route=\/wp\/v2\/types\/post"}],"author":[{"embeddable":true,"href":"http:\/\/wgphoto.pl\/t\/index.php?rest_route=\/wp\/v2\/users\/1"}],"replies":[{"embeddable":true,"href":"http:\/\/wgphoto.pl\/t\/index.php?rest_route=%2Fwp%2Fv2%2Fcomments&post=13609"}],"version-history":[{"count":1,"href":"http:\/\/wgphoto.pl\/t\/index.php?rest_route=\/wp\/v2\/posts\/13609\/revisions"}],"predecessor-version":[{"id":13611,"href":"http:\/\/wgphoto.pl\/t\/index.php?rest_route=\/wp\/v2\/posts\/13609\/revisions\/13611"}],"wp:featuredmedia":[{"embeddable":true,"href":"http:\/\/wgphoto.pl\/t\/index.php?rest_route=\/wp\/v2\/media\/13610"}],"wp:attachment":[{"href":"http:\/\/wgphoto.pl\/t\/index.php?rest_route=%2Fwp%2Fv2%2Fmedia&parent=13609"}],"wp:term":[{"taxonomy":"category","embeddable":true,"href":"http:\/\/wgphoto.pl\/t\/index.php?rest_route=%2Fwp%2Fv2%2Fcategories&post=13609"},{"taxonomy":"post_tag","embeddable":true,"href":"http:\/\/wgphoto.pl\/t\/index.php?rest_route=%2Fwp%2Fv2%2Ftags&post=13609"}],"curies":[{"name":"wp","href":"https:\/\/api.w.org\/{rel}","templated":true}]}}