{"id":13660,"date":"2025-03-05T22:08:43","date_gmt":"2025-03-05T21:08:43","guid":{"rendered":"https:\/\/wgphoto.pl\/t\/?p=13660"},"modified":"2025-03-05T22:08:43","modified_gmt":"2025-03-05T21:08:43","slug":"bardejov-przed-oblotem","status":"publish","type":"post","link":"http:\/\/wgphoto.pl\/t\/?p=13660","title":{"rendered":"Bardejov przed oblotem"},"content":{"rendered":"\n<figure class=\"wp-block-image aligncenter size-full\"><img loading=\"lazy\" decoding=\"async\" width=\"1200\" height=\"795\" src=\"https:\/\/wgphoto.pl\/t\/wp-content\/uploads\/2025\/03\/IMGP4990.jpg\" alt=\"\" class=\"wp-image-13661\" srcset=\"http:\/\/wgphoto.pl\/t\/wp-content\/uploads\/2025\/03\/IMGP4990.jpg 1200w, http:\/\/wgphoto.pl\/t\/wp-content\/uploads\/2025\/03\/IMGP4990-300x199.jpg 300w, http:\/\/wgphoto.pl\/t\/wp-content\/uploads\/2025\/03\/IMGP4990-768x509.jpg 768w\" sizes=\"auto, (max-width: 1200px) 100vw, 1200px\" \/><\/figure>\n\n\n\n<div class=\"wp-block-group has-global-padding is-layout-constrained wp-block-group-is-layout-constrained\">\n<p>Poci\u0105g osobowy 9217 z Pre\u0161ova sko\u0144czy\u0142 bieg. Planowo powinna przyjecha\u0107 spalinowa jednostka serii 861, wi\u0119c trafi\u0142em na swego rodzaju promocj\u0119. 16.08.2019<\/p>\n<\/div>\n","protected":false},"excerpt":{"rendered":"<p>Poci\u0105g osobowy 9217 z Pre\u0161ova sko\u0144czy\u0142 bieg. Planowo powinna przyjecha\u0107 spalinowa jednostka serii 861, wi\u0119c trafi\u0142em na swego rodzaju promocj\u0119. 16.08.2019<\/p>\n","protected":false},"author":1,"featured_media":13661,"comment_status":"open","ping_status":"","sticky":false,"template":"","format":"standard","meta":{"footnotes":""},"categories":[2,136],"tags":[1357,1906,3363,94,1168,675,90,469],"class_list":["post-13660","post","type-post","status-publish","format-standard","has-post-thumbnail","hentry","category-kolej","category-rok-2019","tag-2019-08-16","tag-1906","tag-bardejov","tag-na-kolejowym-koncu-swiata","tag-sierpniowka-2019","tag-slowacja","tag-wieczorem","tag-zssk"],"_links":{"self":[{"href":"http:\/\/wgphoto.pl\/t\/index.php?rest_route=\/wp\/v2\/posts\/13660","targetHints":{"allow":["GET"]}}],"collection":[{"href":"http:\/\/wgphoto.pl\/t\/index.php?rest_route=\/wp\/v2\/posts"}],"about":[{"href":"http:\/\/wgphoto.pl\/t\/index.php?rest_route=\/wp\/v2\/types\/post"}],"author":[{"embeddable":true,"href":"http:\/\/wgphoto.pl\/t\/index.php?rest_route=\/wp\/v2\/users\/1"}],"replies":[{"embeddable":true,"href":"http:\/\/wgphoto.pl\/t\/index.php?rest_route=%2Fwp%2Fv2%2Fcomments&post=13660"}],"version-history":[{"count":1,"href":"http:\/\/wgphoto.pl\/t\/index.php?rest_route=\/wp\/v2\/posts\/13660\/revisions"}],"predecessor-version":[{"id":13662,"href":"http:\/\/wgphoto.pl\/t\/index.php?rest_route=\/wp\/v2\/posts\/13660\/revisions\/13662"}],"wp:featuredmedia":[{"embeddable":true,"href":"http:\/\/wgphoto.pl\/t\/index.php?rest_route=\/wp\/v2\/media\/13661"}],"wp:attachment":[{"href":"http:\/\/wgphoto.pl\/t\/index.php?rest_route=%2Fwp%2Fv2%2Fmedia&parent=13660"}],"wp:term":[{"taxonomy":"category","embeddable":true,"href":"http:\/\/wgphoto.pl\/t\/index.php?rest_route=%2Fwp%2Fv2%2Fcategories&post=13660"},{"taxonomy":"post_tag","embeddable":true,"href":"http:\/\/wgphoto.pl\/t\/index.php?rest_route=%2Fwp%2Fv2%2Ftags&post=13660"}],"curies":[{"name":"wp","href":"https:\/\/api.w.org\/{rel}","templated":true}]}}