{"id":13693,"date":"2025-03-05T22:22:04","date_gmt":"2025-03-05T21:22:04","guid":{"rendered":"https:\/\/wgphoto.pl\/t\/?p=13693"},"modified":"2025-03-05T22:22:04","modified_gmt":"2025-03-05T21:22:04","slug":"nowe-przyjezdza-stare-odjezdza","status":"publish","type":"post","link":"http:\/\/wgphoto.pl\/t\/?p=13693","title":{"rendered":"Nowe przyje\u017cd\u017ca, stare odje\u017cd\u017ca"},"content":{"rendered":"\n<figure class=\"wp-block-image aligncenter size-full\"><img loading=\"lazy\" decoding=\"async\" width=\"1200\" height=\"803\" src=\"https:\/\/wgphoto.pl\/t\/wp-content\/uploads\/2025\/03\/IMGP8392-1.jpg\" alt=\"\" class=\"wp-image-13694\" srcset=\"http:\/\/wgphoto.pl\/t\/wp-content\/uploads\/2025\/03\/IMGP8392-1.jpg 1200w, http:\/\/wgphoto.pl\/t\/wp-content\/uploads\/2025\/03\/IMGP8392-1-300x201.jpg 300w, http:\/\/wgphoto.pl\/t\/wp-content\/uploads\/2025\/03\/IMGP8392-1-768x514.jpg 768w\" sizes=\"auto, (max-width: 1200px) 100vw, 1200px\" \/><\/figure>\n\n\n\n<div class=\"wp-block-group has-global-padding is-layout-constrained wp-block-group-is-layout-constrained\">\n<p>Wiede\u0144, W\u00e4hringer Stra\u00dfe. Jeden z nowszych ULF-\u00f3w mija si\u0119 z jednym ze starszych sk\u0142ad\u00f3w E<sub>2<\/sub>+c<sub>5<\/sub>. 27.05.2012<\/p>\n<\/div>\n","protected":false},"excerpt":{"rendered":"<p>Wiede\u0144, W\u00e4hringer Stra\u00dfe. Jeden z nowszych ULF-\u00f3w mija si\u0119 z jednym ze starszych sk\u0142ad\u00f3w E2+c5. 27.05.2012<\/p>\n","protected":false},"author":1,"featured_media":13694,"comment_status":"open","ping_status":"","sticky":false,"template":"","format":"standard","meta":{"footnotes":""},"categories":[46,3],"tags":[1796,34,9,3147,581,101,389,271,97,98],"class_list":["post-13693","post","type-post","status-publish","format-standard","has-post-thumbnail","hentry","category-rok-2012","category-tramwaj","tag-2012-05-27","tag-architektura","tag-austria","tag-c5","tag-e2","tag-gt6","tag-mijanka","tag-ulf","tag-wieden","tag-wiener-linien"],"_links":{"self":[{"href":"http:\/\/wgphoto.pl\/t\/index.php?rest_route=\/wp\/v2\/posts\/13693","targetHints":{"allow":["GET"]}}],"collection":[{"href":"http:\/\/wgphoto.pl\/t\/index.php?rest_route=\/wp\/v2\/posts"}],"about":[{"href":"http:\/\/wgphoto.pl\/t\/index.php?rest_route=\/wp\/v2\/types\/post"}],"author":[{"embeddable":true,"href":"http:\/\/wgphoto.pl\/t\/index.php?rest_route=\/wp\/v2\/users\/1"}],"replies":[{"embeddable":true,"href":"http:\/\/wgphoto.pl\/t\/index.php?rest_route=%2Fwp%2Fv2%2Fcomments&post=13693"}],"version-history":[{"count":1,"href":"http:\/\/wgphoto.pl\/t\/index.php?rest_route=\/wp\/v2\/posts\/13693\/revisions"}],"predecessor-version":[{"id":13695,"href":"http:\/\/wgphoto.pl\/t\/index.php?rest_route=\/wp\/v2\/posts\/13693\/revisions\/13695"}],"wp:featuredmedia":[{"embeddable":true,"href":"http:\/\/wgphoto.pl\/t\/index.php?rest_route=\/wp\/v2\/media\/13694"}],"wp:attachment":[{"href":"http:\/\/wgphoto.pl\/t\/index.php?rest_route=%2Fwp%2Fv2%2Fmedia&parent=13693"}],"wp:term":[{"taxonomy":"category","embeddable":true,"href":"http:\/\/wgphoto.pl\/t\/index.php?rest_route=%2Fwp%2Fv2%2Fcategories&post=13693"},{"taxonomy":"post_tag","embeddable":true,"href":"http:\/\/wgphoto.pl\/t\/index.php?rest_route=%2Fwp%2Fv2%2Ftags&post=13693"}],"curies":[{"name":"wp","href":"https:\/\/api.w.org\/{rel}","templated":true}]}}