{"id":13728,"date":"2025-03-07T16:45:10","date_gmt":"2025-03-07T15:45:10","guid":{"rendered":"https:\/\/wgphoto.pl\/t\/?p=13728"},"modified":"2025-03-07T16:45:10","modified_gmt":"2025-03-07T15:45:10","slug":"nowy-szeged-przed-oblotem","status":"publish","type":"post","link":"http:\/\/wgphoto.pl\/t\/?p=13728","title":{"rendered":"Nowy Szeged przed oblotem"},"content":{"rendered":"\n<figure class=\"wp-block-image aligncenter size-full\"><img loading=\"lazy\" decoding=\"async\" width=\"1200\" height=\"800\" src=\"https:\/\/wgphoto.pl\/t\/wp-content\/uploads\/2025\/03\/IMGP2598.jpg\" alt=\"\" class=\"wp-image-13729\" srcset=\"http:\/\/wgphoto.pl\/t\/wp-content\/uploads\/2025\/03\/IMGP2598.jpg 1200w, http:\/\/wgphoto.pl\/t\/wp-content\/uploads\/2025\/03\/IMGP2598-300x200.jpg 300w, http:\/\/wgphoto.pl\/t\/wp-content\/uploads\/2025\/03\/IMGP2598-768x512.jpg 768w\" sizes=\"auto, (max-width: 1200px) 100vw, 1200px\" \/><\/figure>\n\n\n\n<div class=\"wp-block-group has-global-padding is-layout-constrained wp-block-group-is-layout-constrained\">\n<p>W Segedynie znajduj\u0105 si\u0119 dwa dworce czo\u0142owe: g\u0142\u00f3wny o nazwie Szeged oraz lokalny o nazwie \u00dajszeged. Oba punkty dzieli rzeka Cisa i na mapie bardzo \u0142adnie wida\u0107, \u017ce niegdy\u015b linia kolejowa przekracza\u0142a jej wody mostem. Ten jednak zosta\u0142 wysadzony w czasie wojny. W 1944 roku wzniesiono prowizoryczn\u0105 drewnian\u0105 konstrukcj\u0119, kt\u00f3ra z kolei uleg\u0142a zniszczeniu przez pow\u00f3d\u017a, czy tam inne kry lodowe, dwa lata p\u00f3\u017aniej. Jako \u017ce po wojnie ruch w kierunku niedalekiej granicy w\u0119giersko &#8211; rumu\u0144skiej straci\u0142 na znaczeniu, nie zdecydowano si\u0119 na ponown\u0105 odbudow\u0119 przeprawy. Dzi\u015b na podupad\u0142\u0105 stacj\u0119 \u00dajszeged zagl\u0105daj\u0105 dwie pary poci\u0105g\u00f3w z Ketegyhazy. Na zdj\u0119cie za\u0142apa\u0142 si\u0119 kurs popo\u0142udniowy. 2015-08-21<\/p>\n<\/div>\n","protected":false},"excerpt":{"rendered":"<p>W Segedynie znajduj\u0105 si\u0119 dwa dworce czo\u0142owe: g\u0142\u00f3wny o nazwie Szeged oraz lokalny o nazwie \u00dajszeged. Oba punkty dzieli rzeka Cisa i na mapie bardzo \u0142adnie wida\u0107, \u017ce niegdy\u015b linia kolejowa przekracza\u0142a jej wody mostem. Ten jednak zosta\u0142 wysadzony w czasie wojny. W 1944 roku wzniesiono prowizoryczn\u0105 drewnian\u0105 konstrukcj\u0119, kt\u00f3ra z kolei uleg\u0142a zniszczeniu przez [&hellip;]<\/p>\n","protected":false},"author":1,"featured_media":13729,"comment_status":"open","ping_status":"","sticky":false,"template":"","format":"standard","meta":{"footnotes":""},"categories":[2,104],"tags":[109,2176,1813,94,106,2869,107,105],"class_list":["post-13728","post","type-post","status-publish","format-standard","has-post-thumbnail","hentry","category-kolej","category-rok-2015","tag-2015-08-21","tag-bzmot","tag-mav","tag-na-kolejowym-koncu-swiata","tag-segedyn","tag-ujszeged","tag-wakacje-2015","tag-wegry"],"_links":{"self":[{"href":"http:\/\/wgphoto.pl\/t\/index.php?rest_route=\/wp\/v2\/posts\/13728","targetHints":{"allow":["GET"]}}],"collection":[{"href":"http:\/\/wgphoto.pl\/t\/index.php?rest_route=\/wp\/v2\/posts"}],"about":[{"href":"http:\/\/wgphoto.pl\/t\/index.php?rest_route=\/wp\/v2\/types\/post"}],"author":[{"embeddable":true,"href":"http:\/\/wgphoto.pl\/t\/index.php?rest_route=\/wp\/v2\/users\/1"}],"replies":[{"embeddable":true,"href":"http:\/\/wgphoto.pl\/t\/index.php?rest_route=%2Fwp%2Fv2%2Fcomments&post=13728"}],"version-history":[{"count":1,"href":"http:\/\/wgphoto.pl\/t\/index.php?rest_route=\/wp\/v2\/posts\/13728\/revisions"}],"predecessor-version":[{"id":13730,"href":"http:\/\/wgphoto.pl\/t\/index.php?rest_route=\/wp\/v2\/posts\/13728\/revisions\/13730"}],"wp:featuredmedia":[{"embeddable":true,"href":"http:\/\/wgphoto.pl\/t\/index.php?rest_route=\/wp\/v2\/media\/13729"}],"wp:attachment":[{"href":"http:\/\/wgphoto.pl\/t\/index.php?rest_route=%2Fwp%2Fv2%2Fmedia&parent=13728"}],"wp:term":[{"taxonomy":"category","embeddable":true,"href":"http:\/\/wgphoto.pl\/t\/index.php?rest_route=%2Fwp%2Fv2%2Fcategories&post=13728"},{"taxonomy":"post_tag","embeddable":true,"href":"http:\/\/wgphoto.pl\/t\/index.php?rest_route=%2Fwp%2Fv2%2Ftags&post=13728"}],"curies":[{"name":"wp","href":"https:\/\/api.w.org\/{rel}","templated":true}]}}