{"id":13734,"date":"2025-03-07T16:46:48","date_gmt":"2025-03-07T15:46:48","guid":{"rendered":"https:\/\/wgphoto.pl\/t\/?p=13734"},"modified":"2025-03-07T16:46:48","modified_gmt":"2025-03-07T15:46:48","slug":"zielony-tunel","status":"publish","type":"post","link":"http:\/\/wgphoto.pl\/t\/?p=13734","title":{"rendered":"Zielony tunel"},"content":{"rendered":"\n<figure class=\"wp-block-image aligncenter size-full\"><img loading=\"lazy\" decoding=\"async\" width=\"1200\" height=\"800\" src=\"https:\/\/wgphoto.pl\/t\/wp-content\/uploads\/2025\/03\/IMGP2559.jpg\" alt=\"\" class=\"wp-image-13735\" srcset=\"http:\/\/wgphoto.pl\/t\/wp-content\/uploads\/2025\/03\/IMGP2559.jpg 1200w, http:\/\/wgphoto.pl\/t\/wp-content\/uploads\/2025\/03\/IMGP2559-300x200.jpg 300w, http:\/\/wgphoto.pl\/t\/wp-content\/uploads\/2025\/03\/IMGP2559-768x512.jpg 768w\" sizes=\"auto, (max-width: 1200px) 100vw, 1200px\" \/><\/figure>\n\n\n\n<div class=\"wp-block-group has-global-padding is-layout-constrained wp-block-group-is-layout-constrained\">\n<p>Segedyn, Pet\u0151fi S\u00e1ndor sug\u00e1r\u00fat. W pewnym nawi\u0105zaniu do poprzedniego &#8211; tramwajowy jednotor w\u015br\u00f3d drzew. 21.08.2015<\/p>\n<\/div>\n","protected":false},"excerpt":{"rendered":"<p>Segedyn, Pet\u0151fi S\u00e1ndor sug\u00e1r\u00fat. W pewnym nawi\u0105zaniu do poprzedniego &#8211; tramwajowy jednotor w\u015br\u00f3d drzew. 21.08.2015<\/p>\n","protected":false},"author":1,"featured_media":13735,"comment_status":"open","ping_status":"","sticky":false,"template":"","format":"standard","meta":{"footnotes":""},"categories":[104,3],"tags":[109,106,1790,33,107,105],"class_list":["post-13734","post","type-post","status-publish","format-standard","has-post-thumbnail","hentry","category-rok-2015","category-tramwaj","tag-2015-08-21","tag-segedyn","tag-szkt-szeged","tag-tatra-kt4","tag-wakacje-2015","tag-wegry"],"_links":{"self":[{"href":"http:\/\/wgphoto.pl\/t\/index.php?rest_route=\/wp\/v2\/posts\/13734","targetHints":{"allow":["GET"]}}],"collection":[{"href":"http:\/\/wgphoto.pl\/t\/index.php?rest_route=\/wp\/v2\/posts"}],"about":[{"href":"http:\/\/wgphoto.pl\/t\/index.php?rest_route=\/wp\/v2\/types\/post"}],"author":[{"embeddable":true,"href":"http:\/\/wgphoto.pl\/t\/index.php?rest_route=\/wp\/v2\/users\/1"}],"replies":[{"embeddable":true,"href":"http:\/\/wgphoto.pl\/t\/index.php?rest_route=%2Fwp%2Fv2%2Fcomments&post=13734"}],"version-history":[{"count":1,"href":"http:\/\/wgphoto.pl\/t\/index.php?rest_route=\/wp\/v2\/posts\/13734\/revisions"}],"predecessor-version":[{"id":13736,"href":"http:\/\/wgphoto.pl\/t\/index.php?rest_route=\/wp\/v2\/posts\/13734\/revisions\/13736"}],"wp:featuredmedia":[{"embeddable":true,"href":"http:\/\/wgphoto.pl\/t\/index.php?rest_route=\/wp\/v2\/media\/13735"}],"wp:attachment":[{"href":"http:\/\/wgphoto.pl\/t\/index.php?rest_route=%2Fwp%2Fv2%2Fmedia&parent=13734"}],"wp:term":[{"taxonomy":"category","embeddable":true,"href":"http:\/\/wgphoto.pl\/t\/index.php?rest_route=%2Fwp%2Fv2%2Fcategories&post=13734"},{"taxonomy":"post_tag","embeddable":true,"href":"http:\/\/wgphoto.pl\/t\/index.php?rest_route=%2Fwp%2Fv2%2Ftags&post=13734"}],"curies":[{"name":"wp","href":"https:\/\/api.w.org\/{rel}","templated":true}]}}