{"id":13737,"date":"2025-03-07T16:47:47","date_gmt":"2025-03-07T15:47:47","guid":{"rendered":"https:\/\/wgphoto.pl\/t\/?p=13737"},"modified":"2025-03-07T16:47:47","modified_gmt":"2025-03-07T15:47:47","slug":"jaki-kraj-takie-pendo-2","status":"publish","type":"post","link":"http:\/\/wgphoto.pl\/t\/?p=13737","title":{"rendered":"Jaki kraj, takie Pendo (2)"},"content":{"rendered":"\n<figure class=\"wp-block-image aligncenter size-full\"><img loading=\"lazy\" decoding=\"async\" width=\"600\" height=\"900\" src=\"https:\/\/wgphoto.pl\/t\/wp-content\/uploads\/2025\/03\/IMGP1528.jpg\" alt=\"\" class=\"wp-image-13738\" srcset=\"http:\/\/wgphoto.pl\/t\/wp-content\/uploads\/2025\/03\/IMGP1528.jpg 600w, http:\/\/wgphoto.pl\/t\/wp-content\/uploads\/2025\/03\/IMGP1528-200x300.jpg 200w\" sizes=\"auto, (max-width: 600px) 100vw, 600px\" \/><\/figure>\n\n\n\n<div class=\"wp-block-group has-global-padding is-layout-constrained wp-block-group-is-layout-constrained\">\n<p>Kr\u00f3tkie Pendolino, dostosowane do potrzeb przewozowych niewielkiego kraju, wykonuje kurs ICS 17 z Mariboru do Ljubljany. Poci\u0105g mija znan\u0105 ju\u017c z poprzednich zdj\u0119\u0107 g\u00f3r\u0119 w Hrastniku. 16.08.2015<\/p>\n<\/div>\n","protected":false},"excerpt":{"rendered":"<p>Kr\u00f3tkie Pendolino, dostosowane do potrzeb przewozowych niewielkiego kraju, wykonuje kurs ICS 17 z Mariboru do Ljubljany. Poci\u0105g mija znan\u0105 ju\u017c z poprzednich zdj\u0119\u0107 g\u00f3r\u0119 w Hrastniku. 16.08.2015<\/p>\n","protected":false},"author":1,"featured_media":13738,"comment_status":"open","ping_status":"","sticky":false,"template":"","format":"standard","meta":{"footnotes":""},"categories":[2,128,104],"tags":[257,114,254,45,754,255,253,107],"class_list":["post-13737","post","type-post","status-publish","format-standard","has-post-thumbnail","hentry","category-kolej","category-pionowe","category-rok-2015","tag-2015-08-16","tag-gory","tag-hrastnik","tag-most","tag-pendolino","tag-slowenia","tag-sz","tag-wakacje-2015"],"_links":{"self":[{"href":"http:\/\/wgphoto.pl\/t\/index.php?rest_route=\/wp\/v2\/posts\/13737","targetHints":{"allow":["GET"]}}],"collection":[{"href":"http:\/\/wgphoto.pl\/t\/index.php?rest_route=\/wp\/v2\/posts"}],"about":[{"href":"http:\/\/wgphoto.pl\/t\/index.php?rest_route=\/wp\/v2\/types\/post"}],"author":[{"embeddable":true,"href":"http:\/\/wgphoto.pl\/t\/index.php?rest_route=\/wp\/v2\/users\/1"}],"replies":[{"embeddable":true,"href":"http:\/\/wgphoto.pl\/t\/index.php?rest_route=%2Fwp%2Fv2%2Fcomments&post=13737"}],"version-history":[{"count":1,"href":"http:\/\/wgphoto.pl\/t\/index.php?rest_route=\/wp\/v2\/posts\/13737\/revisions"}],"predecessor-version":[{"id":13739,"href":"http:\/\/wgphoto.pl\/t\/index.php?rest_route=\/wp\/v2\/posts\/13737\/revisions\/13739"}],"wp:featuredmedia":[{"embeddable":true,"href":"http:\/\/wgphoto.pl\/t\/index.php?rest_route=\/wp\/v2\/media\/13738"}],"wp:attachment":[{"href":"http:\/\/wgphoto.pl\/t\/index.php?rest_route=%2Fwp%2Fv2%2Fmedia&parent=13737"}],"wp:term":[{"taxonomy":"category","embeddable":true,"href":"http:\/\/wgphoto.pl\/t\/index.php?rest_route=%2Fwp%2Fv2%2Fcategories&post=13737"},{"taxonomy":"post_tag","embeddable":true,"href":"http:\/\/wgphoto.pl\/t\/index.php?rest_route=%2Fwp%2Fv2%2Ftags&post=13737"}],"curies":[{"name":"wp","href":"https:\/\/api.w.org\/{rel}","templated":true}]}}