{"id":13740,"date":"2025-03-07T16:48:41","date_gmt":"2025-03-07T15:48:41","guid":{"rendered":"https:\/\/wgphoto.pl\/t\/?p=13740"},"modified":"2025-03-07T16:48:41","modified_gmt":"2025-03-07T15:48:41","slug":"za-pendo","status":"publish","type":"post","link":"http:\/\/wgphoto.pl\/t\/?p=13740","title":{"rendered":"Za-pendo"},"content":{"rendered":"\n<figure class=\"wp-block-image aligncenter size-full\"><img loading=\"lazy\" decoding=\"async\" width=\"1200\" height=\"800\" src=\"https:\/\/wgphoto.pl\/t\/wp-content\/uploads\/2025\/03\/IMGP1590.jpg\" alt=\"\" class=\"wp-image-13741\" srcset=\"http:\/\/wgphoto.pl\/t\/wp-content\/uploads\/2025\/03\/IMGP1590.jpg 1200w, http:\/\/wgphoto.pl\/t\/wp-content\/uploads\/2025\/03\/IMGP1590-300x200.jpg 300w, http:\/\/wgphoto.pl\/t\/wp-content\/uploads\/2025\/03\/IMGP1590-768x512.jpg 768w\" sizes=\"auto, (max-width: 1200px) 100vw, 1200px\" \/><\/figure>\n\n\n\n<div class=\"wp-block-group has-global-padding is-layout-constrained wp-block-group-is-layout-constrained\">\n<p>Koleje S\u0142owe\u0144skie posiadaj\u0105 tylko trzy zestawy Pendolino. Jeden z nich pewnie zaniem\u00f3g\u0142, dlatego poci\u0105g kategorii ICS musia\u0142 zosta\u0107 obs\u0142u\u017cony elektryczn\u0105 jednostk\u0105 oferuj\u0105c\u0105 nieco ni\u017cszy standard, gorsze parametry techniczne oraz bardziej dyskusyjne wra\u017cenia estetyczne. \ud83d\ude09 16.08.2015<\/p>\n<\/div>\n","protected":false},"excerpt":{"rendered":"<p>Koleje S\u0142owe\u0144skie posiadaj\u0105 tylko trzy zestawy Pendolino. Jeden z nich pewnie zaniem\u00f3g\u0142, dlatego poci\u0105g kategorii ICS musia\u0142 zosta\u0107 obs\u0142u\u017cony elektryczn\u0105 jednostk\u0105 oferuj\u0105c\u0105 nieco ni\u017cszy standard, gorsze parametry techniczne oraz bardziej dyskusyjne wra\u017cenia estetyczne. \ud83d\ude09 16.08.2015<\/p>\n","protected":false},"author":1,"featured_media":13741,"comment_status":"open","ping_status":"","sticky":false,"template":"","format":"standard","meta":{"footnotes":""},"categories":[2,104],"tags":[257,256,173,3374,24,255,253,107],"class_list":["post-13740","post","type-post","status-publish","format-standard","has-post-thumbnail","hentry","category-kolej","category-rok-2015","tag-2015-08-16","tag-desiro","tag-koncowki","tag-ljubljana","tag-perony","tag-slowenia","tag-sz","tag-wakacje-2015"],"_links":{"self":[{"href":"http:\/\/wgphoto.pl\/t\/index.php?rest_route=\/wp\/v2\/posts\/13740","targetHints":{"allow":["GET"]}}],"collection":[{"href":"http:\/\/wgphoto.pl\/t\/index.php?rest_route=\/wp\/v2\/posts"}],"about":[{"href":"http:\/\/wgphoto.pl\/t\/index.php?rest_route=\/wp\/v2\/types\/post"}],"author":[{"embeddable":true,"href":"http:\/\/wgphoto.pl\/t\/index.php?rest_route=\/wp\/v2\/users\/1"}],"replies":[{"embeddable":true,"href":"http:\/\/wgphoto.pl\/t\/index.php?rest_route=%2Fwp%2Fv2%2Fcomments&post=13740"}],"version-history":[{"count":1,"href":"http:\/\/wgphoto.pl\/t\/index.php?rest_route=\/wp\/v2\/posts\/13740\/revisions"}],"predecessor-version":[{"id":13742,"href":"http:\/\/wgphoto.pl\/t\/index.php?rest_route=\/wp\/v2\/posts\/13740\/revisions\/13742"}],"wp:featuredmedia":[{"embeddable":true,"href":"http:\/\/wgphoto.pl\/t\/index.php?rest_route=\/wp\/v2\/media\/13741"}],"wp:attachment":[{"href":"http:\/\/wgphoto.pl\/t\/index.php?rest_route=%2Fwp%2Fv2%2Fmedia&parent=13740"}],"wp:term":[{"taxonomy":"category","embeddable":true,"href":"http:\/\/wgphoto.pl\/t\/index.php?rest_route=%2Fwp%2Fv2%2Fcategories&post=13740"},{"taxonomy":"post_tag","embeddable":true,"href":"http:\/\/wgphoto.pl\/t\/index.php?rest_route=%2Fwp%2Fv2%2Ftags&post=13740"}],"curies":[{"name":"wp","href":"https:\/\/api.w.org\/{rel}","templated":true}]}}